{"id":4999,"date":"2025-11-13T06:56:14","date_gmt":"2025-11-13T09:56:14","guid":{"rendered":"https:\/\/cafecommessias.com.br\/?p=4999"},"modified":"2025-11-13T06:56:26","modified_gmt":"2025-11-13T09:56:26","slug":"prefeitura-de-maxaranguape-publica-edital-do-concurso-da-guarda-municipal","status":"publish","type":"post","link":"https:\/\/cafecommessias.com.br\/?p=4999","title":{"rendered":"Prefeitura de Maxaranguape publica edital do concurso da Guarda Municipal"},"content":{"rendered":"\n<p>A Prefeitura Municipal de Maxaranguape publicou, nesta quarta-feira (12 de novembro), o edital do concurso p\u00fablico para a Guarda Municipal. As inscri\u00e7\u00f5es j\u00e1 est\u00e3o abertas e podem ser realizadas por meio do site da banca organizadora IDIB.<\/p>\n\n\n\n<p>Conforme o edital s\u00e3o ofertadas 20 vagas com cadastro rserva de 10 vagas. A taxa de inscri\u00e7\u00e3o \u00e9 de R$ 160,00 e a remunera\u00e7\u00e3o de R$ 1.518,00. O per\u00edodo de inscri\u00e7\u00e3o vai de 12 de novembro a 15 de dezembro. Confira o edital&nbsp;<a href=\"https:\/\/concurso.idib.org.br\/Concurso.aspx?ID=328\">Aqui<\/a><\/p>\n\n\n\n<p>A Prefeita&nbsp;<strong>Professora Nira<\/strong>&nbsp;formalizou o contrato com o&nbsp;<strong>Instituto de Desenvolvimento Institucional Brasileiro (IDIB)<\/strong>, que ser\u00e1 respons\u00e1vel pela organiza\u00e7\u00e3o e execu\u00e7\u00e3o do&nbsp;<strong>Concurso P\u00fablico da Guarda Municipal de Maxaranguape<\/strong>.<\/p>\n\n\n\n<p>O certame representa um importante passo para o fortalecimento da seguran\u00e7a p\u00fablica municipal, ampliando o efetivo e contribuindo para a prote\u00e7\u00e3o do patrim\u00f4nio p\u00fablico e o bem-estar da popula\u00e7\u00e3o.<\/p>\n\n\n\n<p class=\"has-text-align-center\"><strong><em>PUBLICIDADE<\/em><\/strong><\/p>\n\n\n\n<figure class=\"wp-block-image size-full\"><img loading=\"lazy\" decoding=\"async\" width=\"970\" height=\"160\" src=\"https:\/\/cafecommessias.com.br\/wp-content\/uploads\/2025\/11\/Banner-ITIV-970x160px-1.gif\" alt=\"\" class=\"wp-image-4835\"\/><\/figure>\n","protected":false},"excerpt":{"rendered":"<p>A Prefeitura Municipal de Maxaranguape publicou, nesta quarta-feira (12 de novembro), o edital do concurso p\u00fablico para a Guarda Municipal. As inscri\u00e7\u00f5es j\u00e1 est\u00e3o abertas e podem ser realizadas por meio do site da banca organizadora IDIB. Conforme o edital s\u00e3o ofertadas 20 vagas com cadastro rserva de 10 vagas. A taxa de inscri\u00e7\u00e3o \u00e9&#8230;<\/p>\n","protected":false},"author":1,"featured_media":5000,"comment_status":"open","ping_status":"closed","sticky":false,"template":"","format":"standard","meta":{"footnotes":""},"categories":[8],"tags":[],"class_list":["post-4999","post","type-post","status-publish","format-standard","has-post-thumbnail","hentry","category-cidades"],"_links":{"self":[{"href":"https:\/\/cafecommessias.com.br\/index.php?rest_route=\/wp\/v2\/posts\/4999","targetHints":{"allow":["GET"]}}],"collection":[{"href":"https:\/\/cafecommessias.com.br\/index.php?rest_route=\/wp\/v2\/posts"}],"about":[{"href":"https:\/\/cafecommessias.com.br\/index.php?rest_route=\/wp\/v2\/types\/post"}],"author":[{"embeddable":true,"href":"https:\/\/cafecommessias.com.br\/index.php?rest_route=\/wp\/v2\/users\/1"}],"replies":[{"embeddable":true,"href":"https:\/\/cafecommessias.com.br\/index.php?rest_route=%2Fwp%2Fv2%2Fcomments&post=4999"}],"version-history":[{"count":1,"href":"https:\/\/cafecommessias.com.br\/index.php?rest_route=\/wp\/v2\/posts\/4999\/revisions"}],"predecessor-version":[{"id":5001,"href":"https:\/\/cafecommessias.com.br\/index.php?rest_route=\/wp\/v2\/posts\/4999\/revisions\/5001"}],"wp:featuredmedia":[{"embeddable":true,"href":"https:\/\/cafecommessias.com.br\/index.php?rest_route=\/wp\/v2\/media\/5000"}],"wp:attachment":[{"href":"https:\/\/cafecommessias.com.br\/index.php?rest_route=%2Fwp%2Fv2%2Fmedia&parent=4999"}],"wp:term":[{"taxonomy":"category","embeddable":true,"href":"https:\/\/cafecommessias.com.br\/index.php?rest_route=%2Fwp%2Fv2%2Fcategories&post=4999"},{"taxonomy":"post_tag","embeddable":true,"href":"https:\/\/cafecommessias.com.br\/index.php?rest_route=%2Fwp%2Fv2%2Ftags&post=4999"}],"curies":[{"name":"wp","href":"https:\/\/api.w.org\/{rel}","templated":true}]}}