{"id":50,"date":"2025-07-10T00:11:43","date_gmt":"2025-07-10T03:11:43","guid":{"rendered":"http:\/\/cafecommessias.com.br\/?p=50"},"modified":"2025-07-25T00:51:05","modified_gmt":"2025-07-25T03:51:05","slug":"lula-rebate-trump-e-defende-soberania-brasileira-nao-aceitaremos-tutela-de-ninguem","status":"publish","type":"post","link":"https:\/\/cafecommessias.com.br\/?p=50","title":{"rendered":"Lula rebate Trump e defende soberania brasileira: \u201cN\u00e3o aceitaremos tutela de ningu\u00e9m\u201d"},"content":{"rendered":"\n<p>O presidente Luiz In\u00e1cio Lula da Silva reagiu, na noite desta quarta-feira (9), \u00e0s declara\u00e7\u00f5es do presidente norte-americano Donald Trump sobre a imposi\u00e7\u00e3o de uma tarifa de 50% sobre produtos brasileiros. Em uma publica\u00e7\u00e3o nas redes sociais, Lula classificou como inaceit\u00e1veis as amea\u00e7as e reafirmou a soberania do Brasil.<\/p>\n\n\n\n<p>\u201cO Brasil \u00e9 um pa\u00eds soberano com institui\u00e7\u00f5es independentes que n\u00e3o aceitar\u00e1 ser tutelado por ningu\u00e9m\u201d, afirmou Lula, em resposta direta \u00e0 manifesta\u00e7\u00e3o de Trump, que condicionou a eleva\u00e7\u00e3o das tarifas a cr\u00edticas pol\u00edticas e comerciais.<\/p>\n\n\n\n<p>O chefe do Executivo tamb\u00e9m destacou que os processos judiciais envolvendo investigados por suposta tentativa de golpe de Estado em 8 de janeiro s\u00e3o de \u201ccompet\u00eancia apenas da Justi\u00e7a brasileira\u201d, sem espa\u00e7o para inger\u00eancias externas. A afirma\u00e7\u00e3o foi interpretada como uma defesa direta do sistema judici\u00e1rio diante de cr\u00edticas de Trump \u00e0 condu\u00e7\u00e3o dos processos contra aliados do ex-presidente Jair Bolsonaro.<\/p>\n\n\n\n<p>Lula tamb\u00e9m aproveitou a postagem para rebater insinua\u00e7\u00f5es sobre censura digital no pa\u00eds. \u201cNo Brasil, liberdade de express\u00e3o n\u00e3o se confunde com agress\u00e3o ou pr\u00e1ticas violentas\u201d, escreveu. O presidente ressaltou que todas as plataformas digitais \u2014 nacionais ou estrangeiras \u2014 devem seguir a legisla\u00e7\u00e3o brasileira, que veta conte\u00fados como racismo, pornografia infantil, golpes e discursos de \u00f3dio.<\/p>\n\n\n\n<p>No campo econ\u00f4mico, Lula desmentiu Trump, que alegou haver um d\u00e9ficit dos Estados Unidos na balan\u00e7a comercial com o Brasil. \u201c\u00c9 falsa a informa\u00e7\u00e3o. As estat\u00edsticas do pr\u00f3prio governo dos Estados Unidos comprovam um super\u00e1vit da ordem de 410 bilh\u00f5es de d\u00f3lares ao longo dos \u00faltimos 15 anos\u201d, escreveu.<\/p>\n\n\n\n<p>Por fim, o presidente brasileiro alertou que qualquer eleva\u00e7\u00e3o tarif\u00e1ria unilateral ser\u00e1 respondida \u201c\u00e0 luz da Lei Brasileira de Reciprocidade Econ\u00f4mica\u201d. E concluiu: \u201cA soberania, o respeito e a defesa intransigente dos interesses do povo brasileiro s\u00e3o os valores que orientam a nossa rela\u00e7\u00e3o com o mundo.\u201d<\/p>\n\n\n\n<p>A medida de Trump est\u00e1 prevista para entrar em vigor em 1\u00ba de agosto e pode atingir setores estrat\u00e9gicos da economia brasileira, como o agroneg\u00f3cio, a siderurgia e a avia\u00e7\u00e3o. O governo estuda acionar a Organiza\u00e7\u00e3o Mundial do Com\u00e9rcio (OMC) e j\u00e1 discute medidas de retalia\u00e7\u00e3o.<\/p>\n\n\n\n<p><strong>Leia a publica\u00e7\u00e3o na \u00edntegra:<\/strong><\/p>\n\n\n\n<p>\u201cTendo em vista a manifesta\u00e7\u00e3o p\u00fablica do presidente norte-americano Donald Trump apresentada em uma rede social, na tarde desta-quarta (9), \u00e9 importante ressaltar: O Brasil \u00e9 um pa\u00eds soberano com institui\u00e7\u00f5es independentes que n\u00e3o aceitar\u00e1 ser tutelado por ningu\u00e9m.<br><br>O processo judicial contra aqueles que planejaram o golpe de estado \u00e9 de compet\u00eancia apenas da Justi\u00e7a Brasileira e, portanto, n\u00e3o est\u00e1 sujeito a nenhum tipo de inger\u00eancia ou amea\u00e7a que fira a independ\u00eancia das institui\u00e7\u00f5es nacionais.<br><br>No contexto das plataformas digitais, a sociedade brasileira rejeita conte\u00fados de \u00f3dio, racismo, pornografia infantil, golpes, fraudes, discursos contra os direitos humanos e a liberdade democr\u00e1tica. No Brasil, liberdade de express\u00e3o n\u00e3o se confunde com agress\u00e3o ou pr\u00e1ticas violentas.<br><br>Para operar em nosso pa\u00eds, todas as empresas nacionais e estrangeiras est\u00e3o submetidas \u00e0 legisla\u00e7\u00e3o brasileira. \u00c9 falsa a informa\u00e7\u00e3o, no caso da rela\u00e7\u00e3o comercial entre Brasil e Estados Unidos, sobre o alegado d\u00e9ficit norte-americano. As estat\u00edsticas do pr\u00f3prio governo dos Estados Unidos comprovam um super\u00e1vit desse pa\u00eds no com\u00e9rcio de bens e servi\u00e7os com o Brasil da ordem de 410 bilh\u00f5es de d\u00f3lares ao longo dos \u00faltimos 15 anos.<br><br>Neste sentido, qualquer medida de eleva\u00e7\u00e3o de tarifas de forma unilateral ser\u00e1 respondida \u00e0 luz da Lei brasileira de Reciprocidade Econ\u00f4mica. A soberania, o respeito e a defesa intransigente dos interesses do povo brasileiro s\u00e3o os valores que orientam a nossa rela\u00e7\u00e3o com o mundo.\u201d<\/p>\n\n\n\n<p><sub>por Tribuna do Norte<\/sub><\/p>\n\n\n\n<figure class=\"wp-block-image size-large\"><a href=\"https:\/\/www.natal.rn.gov.br\/\"><img loading=\"lazy\" decoding=\"async\" width=\"1024\" height=\"158\" src=\"http:\/\/cafecommessias.com.br\/wp-content\/uploads\/2025\/07\/Banner-REFIS-1300x200px-PRORROGADO-6-1024x158.gif\" alt=\"\" class=\"wp-image-233\" srcset=\"https:\/\/cafecommessias.com.br\/wp-content\/uploads\/2025\/07\/Banner-REFIS-1300x200px-PRORROGADO-6-1024x158.gif 1024w, https:\/\/cafecommessias.com.br\/wp-content\/uploads\/2025\/07\/Banner-REFIS-1300x200px-PRORROGADO-6-300x46.gif 300w, https:\/\/cafecommessias.com.br\/wp-content\/uploads\/2025\/07\/Banner-REFIS-1300x200px-PRORROGADO-6-768x118.gif 768w\" sizes=\"auto, (max-width: 1024px) 100vw, 1024px\" \/><\/a><\/figure>\n\n\n\n<p><\/p>\n","protected":false},"excerpt":{"rendered":"<p>O presidente Luiz In\u00e1cio Lula da Silva reagiu, na noite desta quarta-feira (9), \u00e0s declara\u00e7\u00f5es do presidente norte-americano Donald Trump sobre a imposi\u00e7\u00e3o de uma tarifa de 50% sobre produtos brasileiros. Em uma publica\u00e7\u00e3o nas redes sociais, Lula classificou como inaceit\u00e1veis as amea\u00e7as e reafirmou a soberania do Brasil. \u201cO Brasil \u00e9 um pa\u00eds soberano&#8230;<\/p>\n","protected":false},"author":1,"featured_media":51,"comment_status":"closed","ping_status":"closed","sticky":false,"template":"","format":"standard","meta":{"footnotes":""},"categories":[4,6],"tags":[],"class_list":["post-50","post","type-post","status-publish","format-standard","has-post-thumbnail","hentry","category-anuncie-aqui","category-politica"],"_links":{"self":[{"href":"https:\/\/cafecommessias.com.br\/index.php?rest_route=\/wp\/v2\/posts\/50","targetHints":{"allow":["GET"]}}],"collection":[{"href":"https:\/\/cafecommessias.com.br\/index.php?rest_route=\/wp\/v2\/posts"}],"about":[{"href":"https:\/\/cafecommessias.com.br\/index.php?rest_route=\/wp\/v2\/types\/post"}],"author":[{"embeddable":true,"href":"https:\/\/cafecommessias.com.br\/index.php?rest_route=\/wp\/v2\/users\/1"}],"replies":[{"embeddable":true,"href":"https:\/\/cafecommessias.com.br\/index.php?rest_route=%2Fwp%2Fv2%2Fcomments&post=50"}],"version-history":[{"count":3,"href":"https:\/\/cafecommessias.com.br\/index.php?rest_route=\/wp\/v2\/posts\/50\/revisions"}],"predecessor-version":[{"id":1500,"href":"https:\/\/cafecommessias.com.br\/index.php?rest_route=\/wp\/v2\/posts\/50\/revisions\/1500"}],"wp:featuredmedia":[{"embeddable":true,"href":"https:\/\/cafecommessias.com.br\/index.php?rest_route=\/wp\/v2\/media\/51"}],"wp:attachment":[{"href":"https:\/\/cafecommessias.com.br\/index.php?rest_route=%2Fwp%2Fv2%2Fmedia&parent=50"}],"wp:term":[{"taxonomy":"category","embeddable":true,"href":"https:\/\/cafecommessias.com.br\/index.php?rest_route=%2Fwp%2Fv2%2Fcategories&post=50"},{"taxonomy":"post_tag","embeddable":true,"href":"https:\/\/cafecommessias.com.br\/index.php?rest_route=%2Fwp%2Fv2%2Ftags&post=50"}],"curies":[{"name":"wp","href":"https:\/\/api.w.org\/{rel}","templated":true}]}}