{"id":501,"date":"2025-07-13T21:47:05","date_gmt":"2025-07-14T00:47:05","guid":{"rendered":"http:\/\/cafecommessias.com.br\/?p=501"},"modified":"2025-07-13T21:47:23","modified_gmt":"2025-07-14T00:47:23","slug":"manutencao-192-do-samu-natal-vai-ficar-fora-do-ar-na-proxima-terca-feira-15-saiba-como-acionar-o-servico","status":"publish","type":"post","link":"https:\/\/cafecommessias.com.br\/?p=501","title":{"rendered":"MANUTEN\u00c7\u00c3O: 192 do Samu Natal vai ficar fora do ar na pr\u00f3xima ter\u00e7a-feira (15); saiba como acionar o servi\u00e7o"},"content":{"rendered":"\n<p>A central telef\u00f4nica do n\u00famero 192 do Servi\u00e7o de Atendimento M\u00f3vel de Urg\u00eancia de Natal (Samu Natal) vai passar por manuten\u00e7\u00e3o t\u00e9cnica e ficar\u00e1 temporariamente foram de funcionamento para chamadas de emerg\u00eancia. A manuten\u00e7\u00e3o ser\u00e1 realizada na pr\u00f3xima ter\u00e7a-feira (15), a partir das 9 horas.<\/p>\n\n\n\n<p>De acordo com o Samu Natal, durante o per\u00edodo, a popula\u00e7\u00e3o poder\u00e1 acionar o servi\u00e7o de urg\u00eancia pelo seguintes n\u00fameros alternativos:<\/p>\n\n\n\n<p>(84) 99185-3437<br>(84) 99426-8579<br>(84) 99187-6117<br>(84) 99181-8325<\/p>\n\n\n\n<p>\u201cA medida \u00e9 necess\u00e1ria para garantir a qualidade e a seguran\u00e7a do atendimento prestado \u00e0 popula\u00e7\u00e3o\u201d, frisou o Samu Natal.<\/p>\n\n\n\n<p><sub>Por <strong>Portal da Tropical<\/strong><\/sub><\/p>\n\n\n\n<figure class=\"wp-block-image size-full\"><img loading=\"lazy\" decoding=\"async\" width=\"750\" height=\"200\" src=\"http:\/\/cafecommessias.com.br\/wp-content\/uploads\/2025\/07\/6623888142786548010-3.gif\" alt=\"\" class=\"wp-image-502\"\/><\/figure>\n","protected":false},"excerpt":{"rendered":"<p>A central telef\u00f4nica do n\u00famero 192 do Servi\u00e7o de Atendimento M\u00f3vel de Urg\u00eancia de Natal (Samu Natal) vai passar por manuten\u00e7\u00e3o t\u00e9cnica e ficar\u00e1 temporariamente foram de funcionamento para chamadas de emerg\u00eancia. A manuten\u00e7\u00e3o ser\u00e1 realizada na pr\u00f3xima ter\u00e7a-feira (15), a partir das 9 horas. De acordo com o Samu Natal, durante o per\u00edodo, a&#8230;<\/p>\n","protected":false},"author":1,"featured_media":503,"comment_status":"open","ping_status":"closed","sticky":false,"template":"","format":"standard","meta":{"footnotes":""},"categories":[1],"tags":[],"class_list":["post-501","post","type-post","status-publish","format-standard","has-post-thumbnail","hentry","category-saude"],"_links":{"self":[{"href":"https:\/\/cafecommessias.com.br\/index.php?rest_route=\/wp\/v2\/posts\/501","targetHints":{"allow":["GET"]}}],"collection":[{"href":"https:\/\/cafecommessias.com.br\/index.php?rest_route=\/wp\/v2\/posts"}],"about":[{"href":"https:\/\/cafecommessias.com.br\/index.php?rest_route=\/wp\/v2\/types\/post"}],"author":[{"embeddable":true,"href":"https:\/\/cafecommessias.com.br\/index.php?rest_route=\/wp\/v2\/users\/1"}],"replies":[{"embeddable":true,"href":"https:\/\/cafecommessias.com.br\/index.php?rest_route=%2Fwp%2Fv2%2Fcomments&post=501"}],"version-history":[{"count":1,"href":"https:\/\/cafecommessias.com.br\/index.php?rest_route=\/wp\/v2\/posts\/501\/revisions"}],"predecessor-version":[{"id":504,"href":"https:\/\/cafecommessias.com.br\/index.php?rest_route=\/wp\/v2\/posts\/501\/revisions\/504"}],"wp:featuredmedia":[{"embeddable":true,"href":"https:\/\/cafecommessias.com.br\/index.php?rest_route=\/wp\/v2\/media\/503"}],"wp:attachment":[{"href":"https:\/\/cafecommessias.com.br\/index.php?rest_route=%2Fwp%2Fv2%2Fmedia&parent=501"}],"wp:term":[{"taxonomy":"category","embeddable":true,"href":"https:\/\/cafecommessias.com.br\/index.php?rest_route=%2Fwp%2Fv2%2Fcategories&post=501"},{"taxonomy":"post_tag","embeddable":true,"href":"https:\/\/cafecommessias.com.br\/index.php?rest_route=%2Fwp%2Fv2%2Ftags&post=501"}],"curies":[{"name":"wp","href":"https:\/\/api.w.org\/{rel}","templated":true}]}}