{"id":5012,"date":"2025-11-13T08:40:04","date_gmt":"2025-11-13T11:40:04","guid":{"rendered":"https:\/\/cafecommessias.com.br\/?p=5012"},"modified":"2025-11-13T08:41:11","modified_gmt":"2025-11-13T11:41:11","slug":"chanceler-mauro-vieira-se-reune-com-marco-rubio-em-washington-para-discutir-tarifas-impostas-aos-produtos-brasileiros","status":"publish","type":"post","link":"https:\/\/cafecommessias.com.br\/?p=5012","title":{"rendered":"Chanceler Mauro Vieira se re\u00fane com Marco Rubio em Washington para discutir tarifas impostas aos produtos brasileiros"},"content":{"rendered":"\n<p>O chanceler brasileiro Mauro Vieira se re\u00fane nesta quinta-feira (13), em Washington, com o secret\u00e1rio de Estado dos Estados Unidos, Marco Rubio, para discutir as tarifas de 40% aplicadas pelo governo americano sobre produtos brasileiros desde agosto. O encontro busca avan\u00e7ar nas negocia\u00e7\u00f5es diplom\u00e1ticas iniciadas ap\u00f3s o presidente Luiz In\u00e1cio Lula da Silva cobrar a suspens\u00e3o imediata das taxas.<\/p>\n\n\n\n<p>A reuni\u00e3o \u00e9 a terceira entre os dois ministros desde que Rubio foi designado principal interlocutor do governo Trump nas tratativas comerciais com o Brasil. Segundo o Itamaraty, o pa\u00eds j\u00e1 apresentou uma proposta formal aos EUA em 4 de novembro, e espera agora uma resposta concreta.<\/p>\n\n\n\n<p>O tema tamb\u00e9m foi tratado brevemente entre os dois durante o encontro do G7 no Canad\u00e1, na quarta-feira (12). A expectativa brasileira \u00e9 que a conversa em Washington tenha um car\u00e1ter mais t\u00e9cnico, com encaminhamentos que permitam destravar o impasse antes de um novo encontro entre Lula e Trump, previsto para dezembro.<\/p>\n\n\n\n<p>Em meio \u00e0s negocia\u00e7\u00f5es, o secret\u00e1rio do Tesouro dos EUA, Scott Bessent, afirmou que o governo americano deve anunciar em breve isen\u00e7\u00f5es para produtos como caf\u00e9, bananas e outros itens n\u00e3o produzidos no pa\u00eds, o que pode representar o primeiro sinal de flexibiliza\u00e7\u00e3o das medidas tarif\u00e1rias.<\/p>\n\n\n\n<p><em><sub>Por CNN Brasil<\/sub><\/em><\/p>\n\n\n\n<p class=\"has-text-align-center\"><strong><em>PUBLICIDADE<\/em><\/strong><\/p>\n\n\n\n<figure class=\"wp-block-image size-full\"><img loading=\"lazy\" decoding=\"async\" width=\"970\" height=\"160\" src=\"https:\/\/cafecommessias.com.br\/wp-content\/uploads\/2025\/11\/Banner-ITIV-970x160px-1.gif\" alt=\"\" class=\"wp-image-4835\"\/><\/figure>\n","protected":false},"excerpt":{"rendered":"<p>O chanceler brasileiro Mauro Vieira se re\u00fane nesta quinta-feira (13), em Washington, com o secret\u00e1rio de Estado dos Estados Unidos, Marco Rubio, para discutir as tarifas de 40% aplicadas pelo governo americano sobre produtos brasileiros desde agosto. O encontro busca avan\u00e7ar nas negocia\u00e7\u00f5es diplom\u00e1ticas iniciadas ap\u00f3s o presidente Luiz In\u00e1cio Lula da Silva cobrar a&#8230;<\/p>\n","protected":false},"author":1,"featured_media":5013,"comment_status":"open","ping_status":"closed","sticky":false,"template":"","format":"standard","meta":{"footnotes":""},"categories":[7],"tags":[],"class_list":["post-5012","post","type-post","status-publish","format-standard","has-post-thumbnail","hentry","category-economia"],"_links":{"self":[{"href":"https:\/\/cafecommessias.com.br\/index.php?rest_route=\/wp\/v2\/posts\/5012","targetHints":{"allow":["GET"]}}],"collection":[{"href":"https:\/\/cafecommessias.com.br\/index.php?rest_route=\/wp\/v2\/posts"}],"about":[{"href":"https:\/\/cafecommessias.com.br\/index.php?rest_route=\/wp\/v2\/types\/post"}],"author":[{"embeddable":true,"href":"https:\/\/cafecommessias.com.br\/index.php?rest_route=\/wp\/v2\/users\/1"}],"replies":[{"embeddable":true,"href":"https:\/\/cafecommessias.com.br\/index.php?rest_route=%2Fwp%2Fv2%2Fcomments&post=5012"}],"version-history":[{"count":2,"href":"https:\/\/cafecommessias.com.br\/index.php?rest_route=\/wp\/v2\/posts\/5012\/revisions"}],"predecessor-version":[{"id":5015,"href":"https:\/\/cafecommessias.com.br\/index.php?rest_route=\/wp\/v2\/posts\/5012\/revisions\/5015"}],"wp:featuredmedia":[{"embeddable":true,"href":"https:\/\/cafecommessias.com.br\/index.php?rest_route=\/wp\/v2\/media\/5013"}],"wp:attachment":[{"href":"https:\/\/cafecommessias.com.br\/index.php?rest_route=%2Fwp%2Fv2%2Fmedia&parent=5012"}],"wp:term":[{"taxonomy":"category","embeddable":true,"href":"https:\/\/cafecommessias.com.br\/index.php?rest_route=%2Fwp%2Fv2%2Fcategories&post=5012"},{"taxonomy":"post_tag","embeddable":true,"href":"https:\/\/cafecommessias.com.br\/index.php?rest_route=%2Fwp%2Fv2%2Ftags&post=5012"}],"curies":[{"name":"wp","href":"https:\/\/api.w.org\/{rel}","templated":true}]}}