{"id":5023,"date":"2025-11-14T07:50:09","date_gmt":"2025-11-14T10:50:09","guid":{"rendered":"https:\/\/cafecommessias.com.br\/?p=5023"},"modified":"2025-11-14T07:50:23","modified_gmt":"2025-11-14T10:50:23","slug":"operacao-combate-organizado-policia-civil-do-rn-prende-homem-por-homicidio-e-trafico-de-drogas-na-grande-natal","status":"publish","type":"post","link":"https:\/\/cafecommessias.com.br\/?p=5023","title":{"rendered":"\u201cOpera\u00e7\u00e3o Combate Organizado\u201d: Pol\u00edcia Civil do RN prende homem por homic\u00eddio e tr\u00e1fico de drogas na Grande Natal"},"content":{"rendered":"\n<p>A Pol\u00edcia Civil do Rio Grande do Norte, por meio da Divis\u00e3o Especializada em Investiga\u00e7\u00e3o e Combate ao Crime Organizado (DEICOR), deu cumprimento, nesta quinta-feira (13), a um mandado de pris\u00e3o preventiva em desfavor de um homem de 43 anos, no munic\u00edpio de N\u00edsia Floresta, na Grande Natal.<\/p>\n\n\n\n<p>A a\u00e7\u00e3o integra a \u201cOpera\u00e7\u00e3o Combate Organizado\u201d, que permanece em execu\u00e7\u00e3o at\u00e9 o m\u00eas de dezembro, voltada ao enfrentamento de organiza\u00e7\u00f5es criminosas.<\/p>\n\n\n\n<p>O preso \u00e9 investigado por homic\u00eddio, tr\u00e1fico de drogas e latroc\u00ednio, al\u00e9m de possuir mandado de pris\u00e3o definitiva que totaliza mais de 40 anos de pena.<\/p>\n\n\n\n<p>Ele integra uma fac\u00e7\u00e3o criminosa com origem no estado do Rio de Janeiro e, conforme apurado, vinha se ocultando entre os munic\u00edpios de S\u00e3o Jos\u00e9 de Mipibu e N\u00edsia Floresta, onde contava com apoio de integrantes da organiza\u00e7\u00e3o criminosa.<\/p>\n\n\n\n<p>Durante a abordagem, ele apresentou identidade falsa, sendo autuado em flagrante tamb\u00e9m por esse crime. Na a\u00e7\u00e3o, foram apreendidas duas armas de fogo, grande quantidade de crack e muni\u00e7\u00f5es de diversos calibres, resultando ainda em autua\u00e7\u00f5es pelos crimes de tr\u00e1fico de drogas, posse irregular de arma de fogo de uso permitido e posse de arma de fogo de uso restrito.<\/p>\n\n\n\n<p>As investiga\u00e7\u00f5es indicam que o homem \u00e9 suspeito de um atentado contra um policial militar na cidade de Rio Tinto, na Para\u00edba. Ele j\u00e1 havia fugido da Delegacia de Canguaretama e possui diversas acusa\u00e7\u00f5es, entre elas homic\u00eddios, tr\u00e1fico de drogas, roubos de ve\u00edculos e roubos nos munic\u00edpios paraibanos de Mataraca, Rio Tinto e Ba\u00eda da Trai\u00e7\u00e3o.<\/p>\n\n\n\n<p>A a\u00e7\u00e3o contou com apoio integrado do Departamento de Intelig\u00eancia Policial (DIP) e da Divis\u00e3o de Homic\u00eddios e Prote\u00e7\u00e3o \u00e0 Pessoa (DHPP), fortalecendo a atua\u00e7\u00e3o conjunta no enfrentamento ao crime organizado.<\/p>\n\n\n\n<p>A Pol\u00edcia Civil solicita que a popula\u00e7\u00e3o continue contribuindo com informa\u00e7\u00f5es de forma an\u00f4nima por meio do Disque Den\u00fancia 181.<\/p>\n\n\n\n<p><em><sub>Fonte: Secretaria de Comunica\u00e7\u00e3o Social da Pol\u00edcia Civil do RN \u2013 SECOMS<\/sub><\/em><\/p>\n\n\n\n<p><\/p>\n","protected":false},"excerpt":{"rendered":"<p>A Pol\u00edcia Civil do Rio Grande do Norte, por meio da Divis\u00e3o Especializada em Investiga\u00e7\u00e3o e Combate ao Crime Organizado (DEICOR), deu cumprimento, nesta quinta-feira (13), a um mandado de pris\u00e3o preventiva em desfavor de um homem de 43 anos, no munic\u00edpio de N\u00edsia Floresta, na Grande Natal. A a\u00e7\u00e3o integra a \u201cOpera\u00e7\u00e3o Combate Organizado\u201d,&#8230;<\/p>\n","protected":false},"author":1,"featured_media":5024,"comment_status":"open","ping_status":"closed","sticky":false,"template":"","format":"standard","meta":{"footnotes":""},"categories":[5],"tags":[],"class_list":["post-5023","post","type-post","status-publish","format-standard","has-post-thumbnail","hentry","category-policia"],"_links":{"self":[{"href":"https:\/\/cafecommessias.com.br\/index.php?rest_route=\/wp\/v2\/posts\/5023","targetHints":{"allow":["GET"]}}],"collection":[{"href":"https:\/\/cafecommessias.com.br\/index.php?rest_route=\/wp\/v2\/posts"}],"about":[{"href":"https:\/\/cafecommessias.com.br\/index.php?rest_route=\/wp\/v2\/types\/post"}],"author":[{"embeddable":true,"href":"https:\/\/cafecommessias.com.br\/index.php?rest_route=\/wp\/v2\/users\/1"}],"replies":[{"embeddable":true,"href":"https:\/\/cafecommessias.com.br\/index.php?rest_route=%2Fwp%2Fv2%2Fcomments&post=5023"}],"version-history":[{"count":1,"href":"https:\/\/cafecommessias.com.br\/index.php?rest_route=\/wp\/v2\/posts\/5023\/revisions"}],"predecessor-version":[{"id":5025,"href":"https:\/\/cafecommessias.com.br\/index.php?rest_route=\/wp\/v2\/posts\/5023\/revisions\/5025"}],"wp:featuredmedia":[{"embeddable":true,"href":"https:\/\/cafecommessias.com.br\/index.php?rest_route=\/wp\/v2\/media\/5024"}],"wp:attachment":[{"href":"https:\/\/cafecommessias.com.br\/index.php?rest_route=%2Fwp%2Fv2%2Fmedia&parent=5023"}],"wp:term":[{"taxonomy":"category","embeddable":true,"href":"https:\/\/cafecommessias.com.br\/index.php?rest_route=%2Fwp%2Fv2%2Fcategories&post=5023"},{"taxonomy":"post_tag","embeddable":true,"href":"https:\/\/cafecommessias.com.br\/index.php?rest_route=%2Fwp%2Fv2%2Ftags&post=5023"}],"curies":[{"name":"wp","href":"https:\/\/api.w.org\/{rel}","templated":true}]}}