{"id":5038,"date":"2025-11-14T10:33:37","date_gmt":"2025-11-14T13:33:37","guid":{"rendered":"https:\/\/cafecommessias.com.br\/?p=5038"},"modified":"2025-11-14T10:33:56","modified_gmt":"2025-11-14T13:33:56","slug":"stf-diz-que-recreio-integra-jornada-de-professores","status":"publish","type":"post","link":"https:\/\/cafecommessias.com.br\/?p=5038","title":{"rendered":"STF diz que recreio integra jornada de professores"},"content":{"rendered":"\n<p>O Supremo Tribunal Federal (STF) decidiu, nesta quinta-feira (13), em Bras\u00edlia, que o intervalo de recreio escolar integra a jornada de trabalho de professores de escolas e faculdades particulares.<img decoding=\"async\" src=\"https:\/\/agenciabrasil.ebc.com.br\/ebc.png?id=1667718&amp;o=node\"><img decoding=\"async\" src=\"https:\/\/agenciabrasil.ebc.com.br\/ebc.gif?id=1667718&amp;o=node\"><\/p>\n\n\n\n<p>Pelo entendimento dos ministros, a regra \u00e9 que o recreio faz parte da jornada. Contudo, os empregadores poder\u00e3o comprovar na Justi\u00e7a do Trabalho casos em que os profissionais se dedicam exclusivamente a atividades pessoais durante o intervalo e n\u00e3o fazem atendimentos aos alunos ou outras tarefas.<\/p>\n\n\n\n<p>Antes da decis\u00e3o, o recreio deveria ser computado obrigatoriamente, sem exce\u00e7\u00f5es, como parte da jornada de trabalho, ou seja, tempo \u00e0 disposi\u00e7\u00e3o do empregador.<\/p>\n\n\n\n<p>A partir de agora, no caso de uma eventual disputa judicial, o tempo \u00e0 disposi\u00e7\u00e3o deve ser comprovado em cada caso concreto.<\/p>\n\n\n\n<h2 class=\"wp-block-heading\">Constitucionalidade<\/h2>\n\n\n\n<p>O STF julgou a constitucionalidade de decis\u00f5es da justi\u00e7a trabalhista que reconheceram que o per\u00edodo de recreio sempre faz parte da jornada de trabalho dos profissionais.&nbsp;<\/p>\n\n\n\n<p>O caso chegou ao STF por meio de um recurso protocolado pela Associa\u00e7\u00e3o Brasileira das Mantenedoras de Faculdades (Abrafi).&nbsp;A entidade questiona decis\u00f5es do Tribunal Superior do Trabalho (TST) sobre a quest\u00e3o.&nbsp;<\/p>\n\n\n\n<h2 class=\"wp-block-heading\">Discord\u00e2ncia<\/h2>\n\n\n\n<p>A vota\u00e7\u00e3o do caso foi iniciada na sess\u00e3o de ontem (12), quando o relator, ministro Gilmar Mendes,&nbsp;discordou do entendimento&nbsp;de que o per\u00edodo de recreio deve ser computado obrigatoriamente.&nbsp;<\/p>\n\n\n\n<p>Na sess\u00e3o de hoje, o Supremo finalizou o julgamento e o entendimento do relator foi seguido pelos ministros Fl\u00e1vio Dino, Cristiano Zanin, Andr\u00e9 Mendon\u00e7a, Nunes Marques, Dias Toffoli e C\u00e1rmen L\u00facia.<\/p>\n\n\n\n<p>O presidente do STF, Edson Fachin, que tinha votado sobre a quest\u00e3o, foi o \u00fanico vencido. Para ele, os intervalos devem ser computados como tempo \u00e0 disposi\u00e7\u00e3o das escolas.&nbsp;<\/p>\n\n\n\n<p>Em mar\u00e7o do ano passado, Gilmar Mendes determinou a suspens\u00e3o nacional de todos os processos que tratam do tema para aguardar o posicionamento final do STF sobre a quest\u00e3o. Com o fim do julgamento, os processos v\u00e3o ser retomados e dever\u00e3o seguir o novo entendimento da Corte.&nbsp;<\/p>\n\n\n\n<p><em><sub>Por Ag\u00eancia Brasil<\/sub><\/em><\/p>\n\n\n\n<p><\/p>\n","protected":false},"excerpt":{"rendered":"<p>O Supremo Tribunal Federal (STF) decidiu, nesta quinta-feira (13), em Bras\u00edlia, que o intervalo de recreio escolar integra a jornada de trabalho de professores de escolas e faculdades particulares. Pelo entendimento dos ministros, a regra \u00e9 que o recreio faz parte da jornada. Contudo, os empregadores poder\u00e3o comprovar na Justi\u00e7a do Trabalho casos em que&#8230;<\/p>\n","protected":false},"author":1,"featured_media":5039,"comment_status":"open","ping_status":"closed","sticky":false,"template":"","format":"standard","meta":{"footnotes":""},"categories":[3],"tags":[],"class_list":["post-5038","post","type-post","status-publish","format-standard","has-post-thumbnail","hentry","category-geral"],"_links":{"self":[{"href":"https:\/\/cafecommessias.com.br\/index.php?rest_route=\/wp\/v2\/posts\/5038","targetHints":{"allow":["GET"]}}],"collection":[{"href":"https:\/\/cafecommessias.com.br\/index.php?rest_route=\/wp\/v2\/posts"}],"about":[{"href":"https:\/\/cafecommessias.com.br\/index.php?rest_route=\/wp\/v2\/types\/post"}],"author":[{"embeddable":true,"href":"https:\/\/cafecommessias.com.br\/index.php?rest_route=\/wp\/v2\/users\/1"}],"replies":[{"embeddable":true,"href":"https:\/\/cafecommessias.com.br\/index.php?rest_route=%2Fwp%2Fv2%2Fcomments&post=5038"}],"version-history":[{"count":1,"href":"https:\/\/cafecommessias.com.br\/index.php?rest_route=\/wp\/v2\/posts\/5038\/revisions"}],"predecessor-version":[{"id":5040,"href":"https:\/\/cafecommessias.com.br\/index.php?rest_route=\/wp\/v2\/posts\/5038\/revisions\/5040"}],"wp:featuredmedia":[{"embeddable":true,"href":"https:\/\/cafecommessias.com.br\/index.php?rest_route=\/wp\/v2\/media\/5039"}],"wp:attachment":[{"href":"https:\/\/cafecommessias.com.br\/index.php?rest_route=%2Fwp%2Fv2%2Fmedia&parent=5038"}],"wp:term":[{"taxonomy":"category","embeddable":true,"href":"https:\/\/cafecommessias.com.br\/index.php?rest_route=%2Fwp%2Fv2%2Fcategories&post=5038"},{"taxonomy":"post_tag","embeddable":true,"href":"https:\/\/cafecommessias.com.br\/index.php?rest_route=%2Fwp%2Fv2%2Ftags&post=5038"}],"curies":[{"name":"wp","href":"https:\/\/api.w.org\/{rel}","templated":true}]}}