{"id":505,"date":"2025-07-13T21:50:00","date_gmt":"2025-07-14T00:50:00","guid":{"rendered":"http:\/\/cafecommessias.com.br\/?p=505"},"modified":"2025-07-13T21:50:24","modified_gmt":"2025-07-14T00:50:24","slug":"pl-segue-crescendo-no-rn-e-recebe-filiacao-do-prefeito-e-vice-de-senador-georgino-avelino","status":"publish","type":"post","link":"https:\/\/cafecommessias.com.br\/?p=505","title":{"rendered":"PL segue crescendo no RN e recebe filia\u00e7\u00e3o do prefeito e vice de Senador Georgino Avelino"},"content":{"rendered":"\n<p>O prefeito de Senador Georgino Avelino, Antonio Freire, oficializou neste s\u00e1bado (12) sua filia\u00e7\u00e3o ao Partido Liberal (PL), durante evento realizado na C\u00e2mara Municipal da cidade. Na oportunidade, o vice-prefeito do munic\u00edpio, Jorge da Rocha, tamb\u00e9m se filiou ao maior partido do Brasil. A cerim\u00f4nia contou com a presen\u00e7a do senador Rog\u00e9rio Marinho, presidente do PL no Rio Grande do Norte, do deputado estadual coronel Azevedo (PL), e do presidente da Femurn, Bab\u00e1 Pereira (PL), al\u00e9m de diversas lideran\u00e7as pol\u00edticas da regi\u00e3o, como os prefeitos Bergson \u00cdduino (Arez); Luciano Cunha (Lajes Pintadas), Gustavo Santos (N\u00edsia Floresta) e Ant\u00f4nio Neto (Montanhas), e o ex-prefeito de N\u00edsia Floresta, Daniel Marinho.<\/p>\n\n\n\n<p>A chegada de Antonio Freire ao PL refor\u00e7a o crescimento da legenda no Rio Grande do Norte, que vem ampliando sua representa\u00e7\u00e3o no Estado sob a condu\u00e7\u00e3o do senador Rog\u00e9rio Marinho. Com mais de 80% de aprova\u00e7\u00e3o popular, o prefeito destacou, em discurso, que sua decis\u00e3o foi tomada com responsabilidade e motivada pelo compromisso com o futuro do munic\u00edpio.<\/p>\n\n\n\n<p>Em seu pronunciamento, Rog\u00e9rio deu as boas-vindas ao prefeito, enfatizando o papel do PL no debate das pautas mais importantes do pa\u00eds. Al\u00e9m disso, ressaltou que a legenda tem se dedicado a ouvir a popula\u00e7\u00e3o com o projeto Rota 22, com o objetivo de apresentar propostas para todas as regi\u00f5es do Estado. \u201c\u00c9 grave a situa\u00e7\u00e3o do RN. Temos estradas destru\u00eddas, hospitais sem insumos b\u00e1sicos, filas intermin\u00e1veis de cirurgias, escolas p\u00fablicas deterioradas\u201d, disse o senador.<\/p>\n\n\n\n<p>Rog\u00e9rio ainda destacou os n\u00fameros divulgados pelo Centro de Lideran\u00e7a P\u00fablica, que mostram o Rio Grande do Norte como o 27\u00ba do pa\u00eds em competitividade no ano de 2024 \u2013 era o 16\u00ba em 2018. No Nordeste, era o 4\u00ba, hoje est\u00e1 na \u00faltima posi\u00e7\u00e3o. O RN tamb\u00e9m \u00e9 o 27\u00ba do Brasil em solidez fiscal, Ideb (qualidade do ensino), sustentabilidade ambiental e taxa de investimento p\u00fablico. Al\u00e9m disso, ainda acumulamos maus resultados em efici\u00eancia da m\u00e1quina p\u00fablica e potencial de mercado, ambos na 22\u00aa posi\u00e7\u00e3o.<\/p>\n\n\n\n<p>\u201c\u00c9 hora de estar ao lado de um partido que tem for\u00e7a no estado e em Bras\u00edlia, com capacidade de abrir portas para investimentos e conquistas reais para o povo de Senador Georgino Avelino\u201d, afirmou o prefeito Antonio Freire. Ele tamb\u00e9m ressaltou o papel de Rog\u00e9rio Marinho no fortalecimento das cidades do interior. \u201cRog\u00e9rio \u00e9 um parceiro de verdade, que caminha junto, escuta e apoia. \u00c9 com esse esp\u00edrito que queremos seguir.\u201d<\/p>\n\n\n\n<p>O prefeito reafirmou ainda que seguir\u00e1 investindo em \u00e1reas essenciais como sa\u00fade, educa\u00e7\u00e3o, infraestrutura e agricultura, e concluiu destacando a expectativa para o novo ciclo: \u201cVamos juntos escrever um novo cap\u00edtulo para nossa cidade, com trabalho, respeito e esperan\u00e7a.\u201d<\/p>\n","protected":false},"excerpt":{"rendered":"<p>O prefeito de Senador Georgino Avelino, Antonio Freire, oficializou neste s\u00e1bado (12) sua filia\u00e7\u00e3o ao Partido Liberal (PL), durante evento realizado na C\u00e2mara Municipal da cidade. Na oportunidade, o vice-prefeito do munic\u00edpio, Jorge da Rocha, tamb\u00e9m se filiou ao maior partido do Brasil. A cerim\u00f4nia contou com a presen\u00e7a do senador Rog\u00e9rio Marinho, presidente do&#8230;<\/p>\n","protected":false},"author":1,"featured_media":506,"comment_status":"open","ping_status":"closed","sticky":false,"template":"","format":"standard","meta":{"footnotes":""},"categories":[8,6],"tags":[],"class_list":["post-505","post","type-post","status-publish","format-standard","has-post-thumbnail","hentry","category-cidades","category-politica"],"_links":{"self":[{"href":"https:\/\/cafecommessias.com.br\/index.php?rest_route=\/wp\/v2\/posts\/505","targetHints":{"allow":["GET"]}}],"collection":[{"href":"https:\/\/cafecommessias.com.br\/index.php?rest_route=\/wp\/v2\/posts"}],"about":[{"href":"https:\/\/cafecommessias.com.br\/index.php?rest_route=\/wp\/v2\/types\/post"}],"author":[{"embeddable":true,"href":"https:\/\/cafecommessias.com.br\/index.php?rest_route=\/wp\/v2\/users\/1"}],"replies":[{"embeddable":true,"href":"https:\/\/cafecommessias.com.br\/index.php?rest_route=%2Fwp%2Fv2%2Fcomments&post=505"}],"version-history":[{"count":1,"href":"https:\/\/cafecommessias.com.br\/index.php?rest_route=\/wp\/v2\/posts\/505\/revisions"}],"predecessor-version":[{"id":507,"href":"https:\/\/cafecommessias.com.br\/index.php?rest_route=\/wp\/v2\/posts\/505\/revisions\/507"}],"wp:featuredmedia":[{"embeddable":true,"href":"https:\/\/cafecommessias.com.br\/index.php?rest_route=\/wp\/v2\/media\/506"}],"wp:attachment":[{"href":"https:\/\/cafecommessias.com.br\/index.php?rest_route=%2Fwp%2Fv2%2Fmedia&parent=505"}],"wp:term":[{"taxonomy":"category","embeddable":true,"href":"https:\/\/cafecommessias.com.br\/index.php?rest_route=%2Fwp%2Fv2%2Fcategories&post=505"},{"taxonomy":"post_tag","embeddable":true,"href":"https:\/\/cafecommessias.com.br\/index.php?rest_route=%2Fwp%2Fv2%2Ftags&post=505"}],"curies":[{"name":"wp","href":"https:\/\/api.w.org\/{rel}","templated":true}]}}