{"id":5069,"date":"2025-11-14T19:04:25","date_gmt":"2025-11-14T22:04:25","guid":{"rendered":"https:\/\/cafecommessias.com.br\/?p=5069"},"modified":"2025-11-14T19:04:40","modified_gmt":"2025-11-14T22:04:40","slug":"julia-arruda-e-albert-dickson-serao-convocados-para-votacao-em-processo-de-cassacao-de-brisa-entenda","status":"publish","type":"post","link":"https:\/\/cafecommessias.com.br\/?p=5069","title":{"rendered":"Julia Arruda e Albert Dickson ser\u00e3o convocados para vota\u00e7\u00e3o em processo de cassa\u00e7\u00e3o de Brisa; entenda"},"content":{"rendered":"\n<p>A C\u00e2mara de Natal vai convocar Julia Arruda e Albert Dickson, suplentes de Matheus Faustino (Uni\u00e3o Brasil) e Brisa Bracchi (PT), para votar o processo de cassa\u00e7\u00e3o da vereadora petista. A convoca\u00e7\u00e3o ocorre porque Faustino \u00e9 o autor da den\u00fancia e Brisa \u00e9 a investigada, o que impede a participa\u00e7\u00e3o de ambos.<\/p>\n\n\n\n<p>Segundo Anne Lagartixa (Solidariedade), presidente da comiss\u00e3o que analisa o caso, a medida segue o regimento interno. O parecer do relator F\u00falvio Saulo, que recomenda a cassa\u00e7\u00e3o do mandato, ser\u00e1 votado pela comiss\u00e3o na segunda-feira (17).<\/p>\n\n\n\n<p>Depois disso, ser\u00e1 marcada a sess\u00e3o extraordin\u00e1ria no plen\u00e1rio, onde os vereadores decidir\u00e3o se Brisa perder\u00e1 ou n\u00e3o o mandato.<\/p>\n\n\n\n<p>Brisa \u00e9 acusada de usar R$ 18 mil em emendas parlamentares para contratar atra\u00e7\u00f5es musicais no evento pol\u00edtico \u201cRol\u00e9 Vermelho \u2013 Bolsonaro na Cadeia\u201d. Nas redes sociais, ela relacionou o evento \u00e0 pris\u00e3o domiciliar de Jair Bolsonaro, e materiais visuais com refer\u00eancia ao ex-presidente tamb\u00e9m foram usados.<\/p>\n","protected":false},"excerpt":{"rendered":"<p>A C\u00e2mara de Natal vai convocar Julia Arruda e Albert Dickson, suplentes de Matheus Faustino (Uni\u00e3o Brasil) e Brisa Bracchi (PT), para votar o processo de cassa\u00e7\u00e3o da vereadora petista. A convoca\u00e7\u00e3o ocorre porque Faustino \u00e9 o autor da den\u00fancia e Brisa \u00e9 a investigada, o que impede a participa\u00e7\u00e3o de ambos. Segundo Anne Lagartixa&#8230;<\/p>\n","protected":false},"author":1,"featured_media":5070,"comment_status":"open","ping_status":"closed","sticky":false,"template":"","format":"standard","meta":{"footnotes":""},"categories":[6],"tags":[],"class_list":["post-5069","post","type-post","status-publish","format-standard","has-post-thumbnail","hentry","category-politica"],"_links":{"self":[{"href":"https:\/\/cafecommessias.com.br\/index.php?rest_route=\/wp\/v2\/posts\/5069","targetHints":{"allow":["GET"]}}],"collection":[{"href":"https:\/\/cafecommessias.com.br\/index.php?rest_route=\/wp\/v2\/posts"}],"about":[{"href":"https:\/\/cafecommessias.com.br\/index.php?rest_route=\/wp\/v2\/types\/post"}],"author":[{"embeddable":true,"href":"https:\/\/cafecommessias.com.br\/index.php?rest_route=\/wp\/v2\/users\/1"}],"replies":[{"embeddable":true,"href":"https:\/\/cafecommessias.com.br\/index.php?rest_route=%2Fwp%2Fv2%2Fcomments&post=5069"}],"version-history":[{"count":1,"href":"https:\/\/cafecommessias.com.br\/index.php?rest_route=\/wp\/v2\/posts\/5069\/revisions"}],"predecessor-version":[{"id":5071,"href":"https:\/\/cafecommessias.com.br\/index.php?rest_route=\/wp\/v2\/posts\/5069\/revisions\/5071"}],"wp:featuredmedia":[{"embeddable":true,"href":"https:\/\/cafecommessias.com.br\/index.php?rest_route=\/wp\/v2\/media\/5070"}],"wp:attachment":[{"href":"https:\/\/cafecommessias.com.br\/index.php?rest_route=%2Fwp%2Fv2%2Fmedia&parent=5069"}],"wp:term":[{"taxonomy":"category","embeddable":true,"href":"https:\/\/cafecommessias.com.br\/index.php?rest_route=%2Fwp%2Fv2%2Fcategories&post=5069"},{"taxonomy":"post_tag","embeddable":true,"href":"https:\/\/cafecommessias.com.br\/index.php?rest_route=%2Fwp%2Fv2%2Ftags&post=5069"}],"curies":[{"name":"wp","href":"https:\/\/api.w.org\/{rel}","templated":true}]}}