{"id":5072,"date":"2025-11-14T19:07:05","date_gmt":"2025-11-14T22:07:05","guid":{"rendered":"https:\/\/cafecommessias.com.br\/?p=5072"},"modified":"2025-11-14T19:07:28","modified_gmt":"2025-11-14T22:07:28","slug":"pf-sugere-ao-stf-inclusao-de-mauro-cid-e-familia-no-programa-de-protecao-a-testemunhas","status":"publish","type":"post","link":"https:\/\/cafecommessias.com.br\/?p=5072","title":{"rendered":"PF sugere ao STF inclus\u00e3o de Mauro Cid e fam\u00edlia no programa de prote\u00e7\u00e3o a testemunhas"},"content":{"rendered":"\n<p>A Pol\u00edcia Federal sugeriu, em documento enviado ao Supremo Tribunal Federal (STF), a inclus\u00e3o do tenente-coronel Mauro Cid e seus familiares no Programa Federal de Assist\u00eancia a V\u00edtimas e Testemunhas Amea\u00e7adas.<\/p>\n\n\n\n<p>O documento foi enviado ao ministro Alexandre de Moraes, relator do processo na Suprema Corte. A partir da sugest\u00e3o da Pol\u00edcia Federal, o magistrado encaminhou, nesta sexta-feira (14), um of\u00edcio \u00e0 Procuradoria-Geral da Rep\u00fablica (PGR) para que o \u00f3rg\u00e3o se manifeste no prazo de cinco dias.<\/p>\n\n\n\n<p>\u201cA Pol\u00edcia Federal, a seu turno, informou que, como a\u00e7\u00e3o indispens\u00e1vel \u00e0 preserva\u00e7\u00e3o da integridade f\u00edsica do r\u00e9u e de seus familiares, revela-se poss\u00edvel a inclus\u00e3o destes no Programa Federal de Assist\u00eancia a V\u00edtimas e Testemunhas Amea\u00e7adas, nos termos da legisla\u00e7\u00e3o refente, o que pressup\u00f5e a aceita\u00e7\u00e3o expressa das regras e condi\u00e7\u00f5es estabelecidas na Lei 9.807\/99 e normas complementares (eDoc. 2.361)\u201d, diz trecho do documento assinado por Alexandre de Moraes e enviado \u00e0 PGR.<\/p>\n\n\n\n<p>A comunica\u00e7\u00e3o da autoridade policial indica a exist\u00eancia de amea\u00e7as concretas que colocam em risco a vida de Cid, figura central em investiga\u00e7\u00f5es que atingem o n\u00facleo do governo de Jair Bolsonaro.<\/p>\n\n\n\n<p>A PGR dever\u00e1 emitir um parecer sobre a pertin\u00eancia e a necessidade da inclus\u00e3o de Mauro Cid no programa. Somente ap\u00f3s essa manifesta\u00e7\u00e3o, o ministro relator decidir\u00e1 sobre o assunto.<\/p>\n\n\n\n<p><strong>Pe\u00e7a-chave em m\u00faltiplas investiga\u00e7\u00f5es<\/strong><\/p>\n\n\n\n<p>Mauro Cid se tornou uma das figuras mais importantes nas investiga\u00e7\u00f5es que apuram supostas tramas antidemocr\u00e1ticas e outros crimes no governo Bolsonaro. Seu acordo de colabora\u00e7\u00e3o premiada com a Pol\u00edcia Federal forneceu informa\u00e7\u00f5es que subsidiaram diversas opera\u00e7\u00f5es e inqu\u00e9ritos no STF.<\/p>\n\n\n\n<p>A A\u00e7\u00e3o Penal 2.668, na qual este despacho foi proferido, lista como r\u00e9us, al\u00e9m de Cid e Bolsonaro, ex-ministros e militares de alta patente. A preocupa\u00e7\u00e3o com a seguran\u00e7a do delator refor\u00e7a a sensibilidade e o alcance das informa\u00e7\u00f5es que ele forneceu \u00e0s autoridades. O desfecho sobre seu pedido de prote\u00e7\u00e3o ser\u00e1 um cap\u00edtulo crucial no andamento do caso.<\/p>\n\n\n\n<p><em><sub>Por Band Jornalismo<\/sub><\/em><\/p>\n\n\n\n<p><\/p>\n","protected":false},"excerpt":{"rendered":"<p>A Pol\u00edcia Federal sugeriu, em documento enviado ao Supremo Tribunal Federal (STF), a inclus\u00e3o do tenente-coronel Mauro Cid e seus familiares no Programa Federal de Assist\u00eancia a V\u00edtimas e Testemunhas Amea\u00e7adas. O documento foi enviado ao ministro Alexandre de Moraes, relator do processo na Suprema Corte. A partir da sugest\u00e3o da Pol\u00edcia Federal, o magistrado&#8230;<\/p>\n","protected":false},"author":1,"featured_media":5073,"comment_status":"open","ping_status":"closed","sticky":false,"template":"","format":"standard","meta":{"footnotes":""},"categories":[3],"tags":[],"class_list":["post-5072","post","type-post","status-publish","format-standard","has-post-thumbnail","hentry","category-geral"],"_links":{"self":[{"href":"https:\/\/cafecommessias.com.br\/index.php?rest_route=\/wp\/v2\/posts\/5072","targetHints":{"allow":["GET"]}}],"collection":[{"href":"https:\/\/cafecommessias.com.br\/index.php?rest_route=\/wp\/v2\/posts"}],"about":[{"href":"https:\/\/cafecommessias.com.br\/index.php?rest_route=\/wp\/v2\/types\/post"}],"author":[{"embeddable":true,"href":"https:\/\/cafecommessias.com.br\/index.php?rest_route=\/wp\/v2\/users\/1"}],"replies":[{"embeddable":true,"href":"https:\/\/cafecommessias.com.br\/index.php?rest_route=%2Fwp%2Fv2%2Fcomments&post=5072"}],"version-history":[{"count":1,"href":"https:\/\/cafecommessias.com.br\/index.php?rest_route=\/wp\/v2\/posts\/5072\/revisions"}],"predecessor-version":[{"id":5074,"href":"https:\/\/cafecommessias.com.br\/index.php?rest_route=\/wp\/v2\/posts\/5072\/revisions\/5074"}],"wp:featuredmedia":[{"embeddable":true,"href":"https:\/\/cafecommessias.com.br\/index.php?rest_route=\/wp\/v2\/media\/5073"}],"wp:attachment":[{"href":"https:\/\/cafecommessias.com.br\/index.php?rest_route=%2Fwp%2Fv2%2Fmedia&parent=5072"}],"wp:term":[{"taxonomy":"category","embeddable":true,"href":"https:\/\/cafecommessias.com.br\/index.php?rest_route=%2Fwp%2Fv2%2Fcategories&post=5072"},{"taxonomy":"post_tag","embeddable":true,"href":"https:\/\/cafecommessias.com.br\/index.php?rest_route=%2Fwp%2Fv2%2Ftags&post=5072"}],"curies":[{"name":"wp","href":"https:\/\/api.w.org\/{rel}","templated":true}]}}