{"id":5118,"date":"2025-11-18T08:37:27","date_gmt":"2025-11-18T11:37:27","guid":{"rendered":"https:\/\/cafecommessias.com.br\/?p=5118"},"modified":"2025-11-18T08:37:45","modified_gmt":"2025-11-18T11:37:45","slug":"caso-zaira-nova-sessao-de-julgamento-e-marcada-e-permanece-restrita-a-familiares","status":"publish","type":"post","link":"https:\/\/cafecommessias.com.br\/?p=5118","title":{"rendered":"Caso Zaira: nova sess\u00e3o de julgamento \u00e9 marcada e permanece restrita a familiares"},"content":{"rendered":"\n<p>A 2\u00aa Vara Criminal da&nbsp;Comarca de Natal e a Dire\u00e7\u00e3o do&nbsp;Foro Miguel Seabra Fagundes publicaram a Portaria Conjunta n\u00ba 2\/2025, que disciplina o acesso \u00e0 sess\u00e3o de julgamento do caso Zaira.<\/p>\n\n\n\n<p>A entrada e a perman\u00eancia na sess\u00e3o ser\u00e3o restritas a alguns familiares da v\u00edtima e do r\u00e9u. O novo J\u00fari Popular est\u00e1 marcado para come\u00e7ar na segunda-feira, 1\u00ba de dezembro, com previs\u00e3o de encerramento na sexta-feira, 5 de dezembro.<\/p>\n\n\n\n<p>Assim como no primeiro j\u00fari, cancelado ap\u00f3s a defesa do r\u00e9u abandonar o julgamento, a medida restritiva busca resguardar a dignidade da v\u00edtima e proteger dados sens\u00edveis do processo, que segue em segredo de justi\u00e7a.<\/p>\n\n\n\n<p>Por isso, foi definido que, novamente, apenas familiares da v\u00edtima, Zaira Dantas Silveira Cruz, e do r\u00e9u, Pedro In\u00e1cio Ara\u00fajo, poder\u00e3o ser credenciados para acessar a sess\u00e3o. Profissionais de imprensa, inclusive da Secretaria de Comunica\u00e7\u00e3o do TJRN, n\u00e3o ter\u00e3o acesso ao Sal\u00e3o do J\u00fari.<\/p>\n\n\n\n<p>Para garantir o fluxo de informa\u00e7\u00f5es, sem infringir o sigilo de justi\u00e7a, a Secoms\/TJRN ser\u00e1 respons\u00e1vel por divulgar boletins oficiais \u00e0 imprensa, com informa\u00e7\u00f5es fornecidas por servidores da 2\u00aa Vara Criminal de Natal.<\/p>\n\n\n\n<p>Est\u00e3o previstos 23 depoimentos, entre eles o do r\u00e9u e das testemunhas de defesa e de acusa\u00e7\u00e3o. A previs\u00e3o \u00e9 que sejam ouvidas, pelo menos, oito pessoas por dia, entre depoimentos na forma presencial e por videoconfer\u00eancia. O processo conta com 7 mil laudas.<\/p>\n\n\n\n<p><strong>Primeiro J\u00fari<\/strong><\/p>\n\n\n\n<p>Este \u00e9 o segundo J\u00fari Popular do Caso Zaira. A primeira sess\u00e3o foi cancelada em junho deste ano, no segundo dia de depoimentos, ap\u00f3s os advogados do r\u00e9u Pedro In\u00e1cio terem abandonado o plen\u00e1rio. A equipe de defesa do r\u00e9u deixou o Sal\u00e3o do J\u00fari, alegando cerceamento, ap\u00f3s suas perguntas serem indeferidas pelo magistrado presidente da sess\u00e3o, por julgar que os questionamentos eram imprescind\u00edveis para sua tese.<\/p>\n\n\n\n<p>O indeferimento veio ap\u00f3s a alega\u00e7\u00e3o por parte do&nbsp;Minist\u00e9rio P\u00fablico de que as perguntas poderiam ferir a dignidade da v\u00edtima, o que foi acatado pelo magistrado.<\/p>\n\n\n\n<p>Quando foi cancelado, o conselho de senten\u00e7a j\u00e1 havia ouvido todas as testemunhas de acusa\u00e7\u00e3o e iniciaria as de defesa. A sess\u00e3o foi remanejada para 1\u00ba de dezembro, de acordo com a disponibilidade do calend\u00e1rio de julgamento da 2\u00aa Vara Criminal.<\/p>\n\n\n\n<p><strong>O caso<\/strong><\/p>\n\n\n\n<p>Zaira Cruz, de 22 anos, foi encontrada morta no dia 2 de mar\u00e7o de 2019, no s\u00e1bado de Carnaval, no munic\u00edpio de Caic\u00f3. O policial militar Pedro In\u00e1cio Ara\u00fajo \u00e9 acusado de estuprar e matar a v\u00edtima. Inicialmente, o processo tramitou na 3\u00aa Vara da&nbsp;Comarca de Caic\u00f3, mas a defesa solicitou e obteve o desaforamento para Natal, alegando d\u00favidas sobre a imparcialidade do j\u00fari na regi\u00e3o do Serid\u00f3, devido \u00e0 repercuss\u00e3o do caso.<\/p>\n\n\n\n<p>O j\u00fari popular vai ocorrer no F\u00f3rum Miguel Seabra Fagundes a partir das 8h30 da manh\u00e3 da segunda-feira (1\u00ba\/12).<\/p>\n\n\n\n<p><em><sub>Fonte:\u00a0TJRN<\/sub><\/em><\/p>\n\n\n\n<p><\/p>\n","protected":false},"excerpt":{"rendered":"<p>A 2\u00aa Vara Criminal da&nbsp;Comarca de Natal e a Dire\u00e7\u00e3o do&nbsp;Foro Miguel Seabra Fagundes publicaram a Portaria Conjunta n\u00ba 2\/2025, que disciplina o acesso \u00e0 sess\u00e3o de julgamento do caso Zaira. A entrada e a perman\u00eancia na sess\u00e3o ser\u00e3o restritas a alguns familiares da v\u00edtima e do r\u00e9u. O novo J\u00fari Popular est\u00e1 marcado para&#8230;<\/p>\n","protected":false},"author":1,"featured_media":5119,"comment_status":"open","ping_status":"closed","sticky":false,"template":"","format":"standard","meta":{"footnotes":""},"categories":[23],"tags":[],"class_list":["post-5118","post","type-post","status-publish","format-standard","has-post-thumbnail","hentry","category-crime"],"_links":{"self":[{"href":"https:\/\/cafecommessias.com.br\/index.php?rest_route=\/wp\/v2\/posts\/5118","targetHints":{"allow":["GET"]}}],"collection":[{"href":"https:\/\/cafecommessias.com.br\/index.php?rest_route=\/wp\/v2\/posts"}],"about":[{"href":"https:\/\/cafecommessias.com.br\/index.php?rest_route=\/wp\/v2\/types\/post"}],"author":[{"embeddable":true,"href":"https:\/\/cafecommessias.com.br\/index.php?rest_route=\/wp\/v2\/users\/1"}],"replies":[{"embeddable":true,"href":"https:\/\/cafecommessias.com.br\/index.php?rest_route=%2Fwp%2Fv2%2Fcomments&post=5118"}],"version-history":[{"count":1,"href":"https:\/\/cafecommessias.com.br\/index.php?rest_route=\/wp\/v2\/posts\/5118\/revisions"}],"predecessor-version":[{"id":5120,"href":"https:\/\/cafecommessias.com.br\/index.php?rest_route=\/wp\/v2\/posts\/5118\/revisions\/5120"}],"wp:featuredmedia":[{"embeddable":true,"href":"https:\/\/cafecommessias.com.br\/index.php?rest_route=\/wp\/v2\/media\/5119"}],"wp:attachment":[{"href":"https:\/\/cafecommessias.com.br\/index.php?rest_route=%2Fwp%2Fv2%2Fmedia&parent=5118"}],"wp:term":[{"taxonomy":"category","embeddable":true,"href":"https:\/\/cafecommessias.com.br\/index.php?rest_route=%2Fwp%2Fv2%2Fcategories&post=5118"},{"taxonomy":"post_tag","embeddable":true,"href":"https:\/\/cafecommessias.com.br\/index.php?rest_route=%2Fwp%2Fv2%2Ftags&post=5118"}],"curies":[{"name":"wp","href":"https:\/\/api.w.org\/{rel}","templated":true}]}}