{"id":5121,"date":"2025-11-18T08:40:13","date_gmt":"2025-11-18T11:40:13","guid":{"rendered":"https:\/\/cafecommessias.com.br\/?p=5121"},"modified":"2025-11-18T08:40:26","modified_gmt":"2025-11-18T11:40:26","slug":"cosern-e-condenada-a-pagar-indenizacao-de-r-5-mil-por-corte-irregular-de-energia-eletrica-em-residencia-de-idoso","status":"publish","type":"post","link":"https:\/\/cafecommessias.com.br\/?p=5121","title":{"rendered":"Cosern \u00e9 condenada a pagar indeniza\u00e7\u00e3o de R$ 5 mil por corte irregular de energia el\u00e9trica em resid\u00eancia de idoso"},"content":{"rendered":"\n<p>A Companhia Energ\u00e9tica do Rio Grande do Norte (Cosern) foi condenada a pagar indeniza\u00e7\u00e3o por danos morais no valor de R$ 5 mil a um consumidor que teve o fornecimento de energia el\u00e9trica suspenso de forma indevida em sua resid\u00eancia.<\/p>\n\n\n\n<p>A decis\u00e3o \u00e9 do juiz Paulo Giovani Milit\u00e3o de Alencar, do 4\u00ba&nbsp;Juizado Especial&nbsp;C\u00edvel da&nbsp;Comarca&nbsp;de Natal.&nbsp;<\/p>\n\n\n\n<p>De acordo com os autos, o autor da a\u00e7\u00e3o, um idoso de 70 anos, relatou que, um dia antes da Sexta-Feira Santa, teve a energia de sua casa cortada sem qualquer justificativa v\u00e1lida ou documenta\u00e7\u00e3o comprobat\u00f3ria. Por conta da data, precisou recorrer a vizinhos para guardar os alimentos que estavam em sua resid\u00eancia.&nbsp;<\/p>\n\n\n\n<p>Ao entrar em contato com a concession\u00e1ria, foi informado de que a suspens\u00e3o e a retirada do medidor teriam ocorrido a pedido do propriet\u00e1rio do im\u00f3vel. O consumidor, no entanto, contestou a informa\u00e7\u00e3o, afirmando que reside no endere\u00e7o h\u00e1 40 anos e nunca solicitou a interrup\u00e7\u00e3o do servi\u00e7o, al\u00e9m de destacar que n\u00e3o foi apresentado protocolo que comprovasse tal requerimento.&nbsp;<\/p>\n\n\n\n<p>Na an\u00e1lise do caso, que \u00e9 uma rela\u00e7\u00e3o de consumo, o magistrado constatou que a Cosern vinculou, equivocadamente, o corte a outro im\u00f3vel. A empresa alegou que o fornecimento havia sido suspenso em 2022, por defici\u00eancia t\u00e9cnica, e que, em 2025, diante da aus\u00eancia de pedido de religa\u00e7\u00e3o, teria ocorrido o corte definitivo.&nbsp;<\/p>\n\n\n\n<p>Entretanto, na imagem apresentada pela pr\u00f3pria concession\u00e1ria, a fatura em quest\u00e3o pertencia a um endere\u00e7o situado em rua paralela \u00e0 do consumidor, fato confirmado pelo comprovante de resid\u00eancia anexado aos autos do processo. \u201cRegistre-se, ainda, que, pela narrativa da r\u00e9, o im\u00f3vel do autor estaria sem servi\u00e7o de energia desde 2022. Entretanto, pela fatura de energia anexada pelo autor, tem-se que o im\u00f3vel possu\u00eda energia em abril de 2025\u201d, explicou o magistrado.&nbsp;<\/p>\n\n\n\n<p>Desse modo, diante da aus\u00eancia de prova de inadimpl\u00eancia ou de pedido de desligamento, ficou configurada a ilegalidade do corte no fornecimento. Por isso, o magistrado fixou indeniza\u00e7\u00e3o de R$ 5 mil a t\u00edtulo de danos morais.&nbsp;<\/p>\n\n\n\n<p><\/p>\n","protected":false},"excerpt":{"rendered":"<p>A Companhia Energ\u00e9tica do Rio Grande do Norte (Cosern) foi condenada a pagar indeniza\u00e7\u00e3o por danos morais no valor de R$ 5 mil a um consumidor que teve o fornecimento de energia el\u00e9trica suspenso de forma indevida em sua resid\u00eancia. A decis\u00e3o \u00e9 do juiz Paulo Giovani Milit\u00e3o de Alencar, do 4\u00ba&nbsp;Juizado Especial&nbsp;C\u00edvel da&nbsp;Comarca&nbsp;de Natal.&nbsp;&#8230;<\/p>\n","protected":false},"author":1,"featured_media":5122,"comment_status":"open","ping_status":"closed","sticky":false,"template":"","format":"standard","meta":{"footnotes":""},"categories":[3],"tags":[],"class_list":["post-5121","post","type-post","status-publish","format-standard","has-post-thumbnail","hentry","category-geral"],"_links":{"self":[{"href":"https:\/\/cafecommessias.com.br\/index.php?rest_route=\/wp\/v2\/posts\/5121","targetHints":{"allow":["GET"]}}],"collection":[{"href":"https:\/\/cafecommessias.com.br\/index.php?rest_route=\/wp\/v2\/posts"}],"about":[{"href":"https:\/\/cafecommessias.com.br\/index.php?rest_route=\/wp\/v2\/types\/post"}],"author":[{"embeddable":true,"href":"https:\/\/cafecommessias.com.br\/index.php?rest_route=\/wp\/v2\/users\/1"}],"replies":[{"embeddable":true,"href":"https:\/\/cafecommessias.com.br\/index.php?rest_route=%2Fwp%2Fv2%2Fcomments&post=5121"}],"version-history":[{"count":1,"href":"https:\/\/cafecommessias.com.br\/index.php?rest_route=\/wp\/v2\/posts\/5121\/revisions"}],"predecessor-version":[{"id":5123,"href":"https:\/\/cafecommessias.com.br\/index.php?rest_route=\/wp\/v2\/posts\/5121\/revisions\/5123"}],"wp:featuredmedia":[{"embeddable":true,"href":"https:\/\/cafecommessias.com.br\/index.php?rest_route=\/wp\/v2\/media\/5122"}],"wp:attachment":[{"href":"https:\/\/cafecommessias.com.br\/index.php?rest_route=%2Fwp%2Fv2%2Fmedia&parent=5121"}],"wp:term":[{"taxonomy":"category","embeddable":true,"href":"https:\/\/cafecommessias.com.br\/index.php?rest_route=%2Fwp%2Fv2%2Fcategories&post=5121"},{"taxonomy":"post_tag","embeddable":true,"href":"https:\/\/cafecommessias.com.br\/index.php?rest_route=%2Fwp%2Fv2%2Ftags&post=5121"}],"curies":[{"name":"wp","href":"https:\/\/api.w.org\/{rel}","templated":true}]}}