{"id":5124,"date":"2025-11-18T09:00:11","date_gmt":"2025-11-18T12:00:11","guid":{"rendered":"https:\/\/cafecommessias.com.br\/?p=5124"},"modified":"2025-11-18T09:00:30","modified_gmt":"2025-11-18T12:00:30","slug":"governo-do-brasil-inicia-operacao-do-gas-do-povo-com-distribuicao-de-vales-recarga-a-partir-de-24-de-novembro","status":"publish","type":"post","link":"https:\/\/cafecommessias.com.br\/?p=5124","title":{"rendered":"Governo do Brasil inicia opera\u00e7\u00e3o do G\u00e1s do Povo com distribui\u00e7\u00e3o de vales-recarga a partir de 24 de novembro"},"content":{"rendered":"\n<p>O Minist\u00e9rio de Minas e Energia (MME) dar\u00e1 in\u00edcio, no dia 24 de novembro, \u00e0 opera\u00e7\u00e3o nacional do programa G\u00e1s do Povo, que garante a recarga gratuita do botij\u00e3o de g\u00e1s de cozinha (GLP 13 kg) para fam\u00edlias em situa\u00e7\u00e3o de vulnerabilidade social.<\/p>\n\n\n\n<p>A fase inicial contemplar\u00e1 dez capitais brasileiras \u2013 Salvador (BA), Fortaleza (CE), Goi\u00e2nia (GO), Belo Horizonte (MG), Bel\u00e9m (PA), Recife (PE), Teresina (PI),<strong>&nbsp;Natal (RN)<\/strong>, Porto Alegre (RS) e S\u00e3o Paulo (SP) \u2013 e marca o in\u00edcio da expans\u00e3o do programa, que dever\u00e1 alcan\u00e7ar mais de 15 milh\u00f5es de fam\u00edlias at\u00e9 mar\u00e7o de 2026.<\/p>\n\n\n\n<p>A Caixa Econ\u00f4mica Federal ser\u00e1 a respons\u00e1vel por operacionalizar o benef\u00edcio, realizando a distribui\u00e7\u00e3o dos vales-recarga, cadastrando as revendedoras participantes e validando os meios de acesso do usu\u00e1rio.<\/p>\n\n\n\n<p>Com isso, a retirada da recarga gratuita passa a ser feita diretamente nas revendas credenciadas, sem intermedia\u00e7\u00e3o de pagamento em dinheiro. O benefici\u00e1rio poder\u00e1 comprovar o direito ao vale por meio do cart\u00e3o do Bolsa Fam\u00edlia, cart\u00e3o de d\u00e9bito da Caixa ou CPF com c\u00f3digo de valida\u00e7\u00e3o enviado ao celular. O modelo amplia a rastreabilidade, a seguran\u00e7a e a efici\u00eancia na entrega do benef\u00edcio.<\/p>\n\n\n\n<p>\u201cO G\u00e1s do Povo combate a pobreza energ\u00e9tica, garante al\u00edvio real no or\u00e7amento das fam\u00edlias e protege a sa\u00fade de quem ainda recorre \u00e0 lenha ou a materiais inflam\u00e1veis para cozinhar. Estamos garantindo seguran\u00e7a alimentar e qualidade de vida para milh\u00f5es de brasileiros e brasileiras. A grande marca desse governo do presidente Lula \u00e9 cuidar das pessoas, e o G\u00e1s do Povo \u00e9 a maior iniciativa de acesso ao cozimento limpo do mundo, concretizando esse objetivo\u201d, afirmou o ministro de Minas e Energia, Alexandre Silveira.<\/p>\n\n\n\n<p>Cerca de 1 milh\u00e3o de fam\u00edlias ser\u00e3o atendidas nessa primeira etapa, que marca a transi\u00e7\u00e3o do formato anterior, baseado em pagamento em dinheiro, para um sistema que assegura a entrega direta do g\u00e1s de cozinha. Esse avan\u00e7o torna o benef\u00edcio mais eficaz, reduz fraudes e garante que o recurso chegue exatamente onde deve chegar: na recarga do botij\u00e3o utilizado no dia a dia das fam\u00edlias.<\/p>\n\n\n\n<p>Ser\u00e3o eleg\u00edveis as fam\u00edlias selecionadas pelo Minist\u00e9rio do Desenvolvimento e Assist\u00eancia Social, Fam\u00edlia e Combate \u00e0 Fome (MDS), inscritas no Cadastro \u00danico (Cad\u00danico), com renda per capita de at\u00e9 meio sal\u00e1rio-m\u00ednimo e cadastro atualizado h\u00e1 pelo menos 24 meses. Ter\u00e3o prioridade aquelas que j\u00e1 recebem o Bolsa Fam\u00edlia.<\/p>\n\n\n\n<p>O G\u00e1s do Povo \u00e9 uma das principais a\u00e7\u00f5es do MME para fortalecer a seguran\u00e7a energ\u00e9tica, promover o cozimento limpo e ampliar o acesso ao g\u00e1s de cozinha como instrumento de dignidade e justi\u00e7a social. A iniciativa reduz a depend\u00eancia de lenha e de combust\u00edveis poluentes que afetam principalmente mulheres e crian\u00e7as, contribuindo para a promo\u00e7\u00e3o da sa\u00fade e para a prote\u00e7\u00e3o ambiental.<\/p>\n\n\n\n<p>A expectativa do Governo do Brasil \u00e9 de que, at\u00e9 mar\u00e7o de 2026, o programa alcance mais de 15 milh\u00f5es de fam\u00edlias, consolidando-se como uma das maiores pol\u00edticas p\u00fablicas do pa\u00eds voltadas ao combate \u00e0 fome, \u00e0 pobreza energ\u00e9tica e aos riscos associados ao uso de fontes inadequadas para cozinhar.<\/p>\n\n\n\n<p><em><sub>Fonte\u00a0Minist\u00e9rio das Minas e Energia<\/sub><\/em><\/p>\n","protected":false},"excerpt":{"rendered":"<p>O Minist\u00e9rio de Minas e Energia (MME) dar\u00e1 in\u00edcio, no dia 24 de novembro, \u00e0 opera\u00e7\u00e3o nacional do programa G\u00e1s do Povo, que garante a recarga gratuita do botij\u00e3o de g\u00e1s de cozinha (GLP 13 kg) para fam\u00edlias em situa\u00e7\u00e3o de vulnerabilidade social. A fase inicial contemplar\u00e1 dez capitais brasileiras \u2013 Salvador (BA), Fortaleza (CE),&#8230;<\/p>\n","protected":false},"author":1,"featured_media":5125,"comment_status":"open","ping_status":"closed","sticky":false,"template":"","format":"standard","meta":{"footnotes":""},"categories":[3],"tags":[],"class_list":["post-5124","post","type-post","status-publish","format-standard","has-post-thumbnail","hentry","category-geral"],"_links":{"self":[{"href":"https:\/\/cafecommessias.com.br\/index.php?rest_route=\/wp\/v2\/posts\/5124","targetHints":{"allow":["GET"]}}],"collection":[{"href":"https:\/\/cafecommessias.com.br\/index.php?rest_route=\/wp\/v2\/posts"}],"about":[{"href":"https:\/\/cafecommessias.com.br\/index.php?rest_route=\/wp\/v2\/types\/post"}],"author":[{"embeddable":true,"href":"https:\/\/cafecommessias.com.br\/index.php?rest_route=\/wp\/v2\/users\/1"}],"replies":[{"embeddable":true,"href":"https:\/\/cafecommessias.com.br\/index.php?rest_route=%2Fwp%2Fv2%2Fcomments&post=5124"}],"version-history":[{"count":1,"href":"https:\/\/cafecommessias.com.br\/index.php?rest_route=\/wp\/v2\/posts\/5124\/revisions"}],"predecessor-version":[{"id":5126,"href":"https:\/\/cafecommessias.com.br\/index.php?rest_route=\/wp\/v2\/posts\/5124\/revisions\/5126"}],"wp:featuredmedia":[{"embeddable":true,"href":"https:\/\/cafecommessias.com.br\/index.php?rest_route=\/wp\/v2\/media\/5125"}],"wp:attachment":[{"href":"https:\/\/cafecommessias.com.br\/index.php?rest_route=%2Fwp%2Fv2%2Fmedia&parent=5124"}],"wp:term":[{"taxonomy":"category","embeddable":true,"href":"https:\/\/cafecommessias.com.br\/index.php?rest_route=%2Fwp%2Fv2%2Fcategories&post=5124"},{"taxonomy":"post_tag","embeddable":true,"href":"https:\/\/cafecommessias.com.br\/index.php?rest_route=%2Fwp%2Fv2%2Ftags&post=5124"}],"curies":[{"name":"wp","href":"https:\/\/api.w.org\/{rel}","templated":true}]}}