{"id":5137,"date":"2025-11-18T19:16:22","date_gmt":"2025-11-18T22:16:22","guid":{"rendered":"https:\/\/cafecommessias.com.br\/?p=5137"},"modified":"2025-11-18T19:16:38","modified_gmt":"2025-11-18T22:16:38","slug":"mec-anula-tres-questoes-do-enem-por-suspeita-de-antecipacao-e-aciona-pf","status":"publish","type":"post","link":"https:\/\/cafecommessias.com.br\/?p=5137","title":{"rendered":"MEC anula tr\u00eas quest\u00f5es do Enem por suspeita de antecipa\u00e7\u00e3o e aciona PF"},"content":{"rendered":"\n<p>O Minist\u00e9rio da Educa\u00e7\u00e3o (MEC) acionou a Pol\u00edcia Federal e anunciou a anula\u00e7\u00e3o de tr\u00eas quest\u00f5es do Enem 2025 ap\u00f3s a divulga\u00e7\u00e3o de perguntas muito semelhantes \u00e0s da prova por um universit\u00e1rio cinco dias antes do exame.<\/p>\n\n\n\n<p>O estudante Edcley Teixeira, que participa dos pr\u00e9-testes do Inep, publicou em uma live no YouTube quest\u00f5es quase id\u00eanticas \u00e0s aplicadas no \u00faltimo domingo. Ele afirma lembrar das perguntas usadas nesses testes e vende aulas on-line baseadas nelas.<\/p>\n\n\n\n<p>Segundo o MEC, nenhuma quest\u00e3o foi divulgada integralmente, mas foram identificadas \u201csimilaridades pontuais\u201d. A pasta afirma que os itens anulados tinham rela\u00e7\u00e3o com conte\u00fados apresentados por Edcley.<\/p>\n\n\n\n<p>A live, feita em 11 de novembro, mostrou, por exemplo, uma quest\u00e3o de Biologia com quatro alternativas id\u00eanticas \u00e0s da prova oficial. Em seus stories, ele tamb\u00e9m exibiu outras quest\u00f5es com todas as alternativas iguais \u00e0s do Enem \u2014 inclusive uma sobre ru\u00eddo sonoro.<\/p>\n\n\n\n<p>Edcley diz ter antecipado quest\u00f5es tamb\u00e9m em 2023 e 2024 usando o mesmo m\u00e9todo: memorizar itens dos pr\u00e9-testes, como o Pr\u00eamio Capes Talento Universit\u00e1rio, onde o Inep avalia poss\u00edveis quest\u00f5es do exame.<\/p>\n\n\n\n<p>O MEC afirmou que a PF investigar\u00e1 poss\u00edvel quebra de sigilo, e refor\u00e7ou que o processo de elabora\u00e7\u00e3o do Enem segue protocolos de seguran\u00e7a. O Inep destacou que itens precisam ser pr\u00e9-testados, o que permite que participantes tenham contato com perguntas que podem cair em futuras edi\u00e7\u00f5es.<\/p>\n\n\n\n<p>Edcley acumula seguidores nas redes vendendo cursos preparat\u00f3rios e dizendo ser capaz de prever quest\u00f5es. Ele cursa Medicina na UFC e j\u00e1 foi vencedor do Pr\u00eamio Capes Talento Universit\u00e1rio, em publica\u00e7\u00e3o que chegou a ser divulgada pelo MEC.<\/p>\n\n\n\n<p>Confira, abaixo, a nota na \u00edntegra,&nbsp;<a href=\"https:\/\/www.gov.br\/inep\/pt-br\/centrais-de-conteudo\/noticias\/enem\/enem-2025-tera-tres-questoes-anuladas?ref=darkread.io\" target=\"_blank\" rel=\"noreferrer noopener\">publicada no site do MEC:<\/a><\/p>\n\n\n\n<p><em>O Instituto Nacional de Estudos e Pesquisas Educacionais An\u00edsio Teixeira (Inep) reafirma a isonomia, lisura e validade das provas do Enem 2025.<\/em><\/p>\n\n\n\n<p><em>Ao identificar relatos de antecipa\u00e7\u00e3o de quest\u00f5es similares \u00e0s do Exame Nacional do Ensino M\u00e9dio (Enem) 2025, a equipe t\u00e9cnica que faz parte da comiss\u00e3o assessora respons\u00e1vel pela montagem das provas analisou as circunst\u00e2ncias e decidiu, com base em informa\u00e7\u00f5es sobre a montagem do teste, pela anula\u00e7\u00e3o de tr\u00eas itens aplicados na prova.<\/em><\/p>\n\n\n\n<p><em>O Enem utiliza a Teoria da Resposta ao Item (TRI) para apura\u00e7\u00e3o de seus resultados. A metodologia demanda que os itens sejam pr\u00e9-testados. Os estudantes que participam de pr\u00e9-testes t\u00eam contato com itens que podem vir a compor o Enem em alguma edi\u00e7\u00e3o.<\/em><\/p>\n\n\n\n<p><em>Nenhuma quest\u00e3o foi apresentada tal qual na edi\u00e7\u00e3o de 2025 do exame. Na divulga\u00e7\u00e3o observada nas redes sociais, foram identificadas similaridades pontuais entre os itens.<\/em><\/p>\n\n\n\n<p><em>A Pol\u00edcia Federal foi acionada para apurar a conduta e autoria na divulga\u00e7\u00e3o das quest\u00f5es e garantir a responsabiliza\u00e7\u00e3o dos envolvidos por eventual quebra de confidencialidade ou ato de m\u00e1-f\u00e9 pela divulga\u00e7\u00e3o de quest\u00f5es sigilosas de forma indevida.<\/em><\/p>\n\n\n\n<p><em>O Inep promove diversas estrat\u00e9gias para calibrar as quest\u00f5es que comp\u00f5e o Banco Nacional de Itens e podem ser usadas na elabora\u00e7\u00e3o das provas do Enem. Os processos envolvem rigorosos protocolos de seguran\u00e7a, que foram cumpridos em todas as etapas do exame.<\/em><\/p>\n\n\n\n<p><strong>Veja abaixo a vers\u00e3o apresentada por Edcley e a respectiva quest\u00e3o no ENEM:<\/strong><\/p>\n\n\n\n<figure class=\"wp-block-image size-full\"><img loading=\"lazy\" decoding=\"async\" width=\"1000\" height=\"856\" src=\"https:\/\/cafecommessias.com.br\/wp-content\/uploads\/2025\/11\/whatsapp-image-2025-11-18-at-11.30.59-1-.avif\" alt=\"\" class=\"wp-image-5138\" srcset=\"https:\/\/cafecommessias.com.br\/wp-content\/uploads\/2025\/11\/whatsapp-image-2025-11-18-at-11.30.59-1-.avif 1000w, https:\/\/cafecommessias.com.br\/wp-content\/uploads\/2025\/11\/whatsapp-image-2025-11-18-at-11.30.59-1--300x257.avif 300w, https:\/\/cafecommessias.com.br\/wp-content\/uploads\/2025\/11\/whatsapp-image-2025-11-18-at-11.30.59-1--768x657.avif 768w\" sizes=\"auto, (max-width: 1000px) 100vw, 1000px\" \/><\/figure>\n\n\n\n<p>Quest\u00e3o de Edcley \u2014 Foto: Reprodu\u00e7\u00e3o<\/p>\n\n\n\n<figure class=\"wp-block-image size-large\"><img loading=\"lazy\" decoding=\"async\" width=\"866\" height=\"1024\" src=\"https:\/\/cafecommessias.com.br\/wp-content\/uploads\/2025\/11\/whatsapp-image-2025-11-18-at-11.30.59-866x1024.avif\" alt=\"\" class=\"wp-image-5139\" srcset=\"https:\/\/cafecommessias.com.br\/wp-content\/uploads\/2025\/11\/whatsapp-image-2025-11-18-at-11.30.59-866x1024.avif 866w, https:\/\/cafecommessias.com.br\/wp-content\/uploads\/2025\/11\/whatsapp-image-2025-11-18-at-11.30.59-254x300.avif 254w, https:\/\/cafecommessias.com.br\/wp-content\/uploads\/2025\/11\/whatsapp-image-2025-11-18-at-11.30.59-768x909.avif 768w, https:\/\/cafecommessias.com.br\/wp-content\/uploads\/2025\/11\/whatsapp-image-2025-11-18-at-11.30.59.avif 1000w\" sizes=\"auto, (max-width: 866px) 100vw, 866px\" \/><\/figure>\n\n\n\n<p>Quest\u00e3o do Enem \u2014 Foto: Reprodu\u00e7\u00e3o<\/p>\n\n\n\n<p><strong>Vers\u00e3o apresentada por Edcley:<\/strong><\/p>\n\n\n\n<figure class=\"wp-block-image size-full\"><img loading=\"lazy\" decoding=\"async\" width=\"1000\" height=\"461\" src=\"https:\/\/cafecommessias.com.br\/wp-content\/uploads\/2025\/11\/whatsapp-image-2025-11-17-at-20.31.37.avif\" alt=\"\" class=\"wp-image-5140\" srcset=\"https:\/\/cafecommessias.com.br\/wp-content\/uploads\/2025\/11\/whatsapp-image-2025-11-17-at-20.31.37.avif 1000w, https:\/\/cafecommessias.com.br\/wp-content\/uploads\/2025\/11\/whatsapp-image-2025-11-17-at-20.31.37-300x138.avif 300w, https:\/\/cafecommessias.com.br\/wp-content\/uploads\/2025\/11\/whatsapp-image-2025-11-17-at-20.31.37-768x354.avif 768w\" sizes=\"auto, (max-width: 1000px) 100vw, 1000px\" \/><\/figure>\n\n\n\n<p>Quest\u00e3o apresentada por Edcley em live \u2014 Foto: Reprodu\u00e7\u00e3o<\/p>\n\n\n\n<figure class=\"wp-block-image size-full\"><img loading=\"lazy\" decoding=\"async\" width=\"1000\" height=\"952\" src=\"https:\/\/cafecommessias.com.br\/wp-content\/uploads\/2025\/11\/endemicas-enem.avif\" alt=\"\" class=\"wp-image-5141\" srcset=\"https:\/\/cafecommessias.com.br\/wp-content\/uploads\/2025\/11\/endemicas-enem.avif 1000w, https:\/\/cafecommessias.com.br\/wp-content\/uploads\/2025\/11\/endemicas-enem-300x286.avif 300w, https:\/\/cafecommessias.com.br\/wp-content\/uploads\/2025\/11\/endemicas-enem-768x731.avif 768w\" sizes=\"auto, (max-width: 1000px) 100vw, 1000px\" \/><\/figure>\n\n\n\n<p>Quest\u00e3o Enem \u2014 Foto: Reprodu\u00e7\u00e3o<\/p>\n\n\n\n<p><em><sub>Por O Glogo<\/sub><\/em><\/p>\n","protected":false},"excerpt":{"rendered":"<p>O Minist\u00e9rio da Educa\u00e7\u00e3o (MEC) acionou a Pol\u00edcia Federal e anunciou a anula\u00e7\u00e3o de tr\u00eas quest\u00f5es do Enem 2025 ap\u00f3s a divulga\u00e7\u00e3o de perguntas muito semelhantes \u00e0s da prova por um universit\u00e1rio cinco dias antes do exame. O estudante Edcley Teixeira, que participa dos pr\u00e9-testes do Inep, publicou em uma live no YouTube quest\u00f5es quase&#8230;<\/p>\n","protected":false},"author":1,"featured_media":5142,"comment_status":"open","ping_status":"closed","sticky":false,"template":"","format":"standard","meta":{"footnotes":""},"categories":[3],"tags":[],"class_list":["post-5137","post","type-post","status-publish","format-standard","has-post-thumbnail","hentry","category-geral"],"_links":{"self":[{"href":"https:\/\/cafecommessias.com.br\/index.php?rest_route=\/wp\/v2\/posts\/5137","targetHints":{"allow":["GET"]}}],"collection":[{"href":"https:\/\/cafecommessias.com.br\/index.php?rest_route=\/wp\/v2\/posts"}],"about":[{"href":"https:\/\/cafecommessias.com.br\/index.php?rest_route=\/wp\/v2\/types\/post"}],"author":[{"embeddable":true,"href":"https:\/\/cafecommessias.com.br\/index.php?rest_route=\/wp\/v2\/users\/1"}],"replies":[{"embeddable":true,"href":"https:\/\/cafecommessias.com.br\/index.php?rest_route=%2Fwp%2Fv2%2Fcomments&post=5137"}],"version-history":[{"count":1,"href":"https:\/\/cafecommessias.com.br\/index.php?rest_route=\/wp\/v2\/posts\/5137\/revisions"}],"predecessor-version":[{"id":5143,"href":"https:\/\/cafecommessias.com.br\/index.php?rest_route=\/wp\/v2\/posts\/5137\/revisions\/5143"}],"wp:featuredmedia":[{"embeddable":true,"href":"https:\/\/cafecommessias.com.br\/index.php?rest_route=\/wp\/v2\/media\/5142"}],"wp:attachment":[{"href":"https:\/\/cafecommessias.com.br\/index.php?rest_route=%2Fwp%2Fv2%2Fmedia&parent=5137"}],"wp:term":[{"taxonomy":"category","embeddable":true,"href":"https:\/\/cafecommessias.com.br\/index.php?rest_route=%2Fwp%2Fv2%2Fcategories&post=5137"},{"taxonomy":"post_tag","embeddable":true,"href":"https:\/\/cafecommessias.com.br\/index.php?rest_route=%2Fwp%2Fv2%2Ftags&post=5137"}],"curies":[{"name":"wp","href":"https:\/\/api.w.org\/{rel}","templated":true}]}}