{"id":5164,"date":"2025-11-18T20:36:23","date_gmt":"2025-11-18T23:36:23","guid":{"rendered":"https:\/\/cafecommessias.com.br\/?p=5164"},"modified":"2025-11-18T20:36:40","modified_gmt":"2025-11-18T23:36:40","slug":"serido-rn-ministro-de-lula-em-caico","status":"publish","type":"post","link":"https:\/\/cafecommessias.com.br\/?p=5164","title":{"rendered":"SERID\u00d3\/RN: Ministro de Lula em Caic\u00f3"},"content":{"rendered":"\n<p>Nesta quarta-feira, 19 de novembro, o Serid\u00f3 viver\u00e1 um momento hist\u00f3rico. O ministro da Educa\u00e7\u00e3o, Camilo Santana, a governadora F\u00e1tima Bezerra, o prefeito Dr. Tadeu e a Escola Multicampi de Ci\u00eancias M\u00e9dicas da UFRN participam da assinatura do Termo de Coopera\u00e7\u00e3o que dar\u00e1 in\u00edcio \u00e0s etapas finais para a implanta\u00e7\u00e3o do Hospital Universit\u00e1rio do Serid\u00f3 (HU-Serid\u00f3).<\/p>\n\n\n\n<p>A solenidade ser\u00e1 realizada \u00e0s 15h e marca um avan\u00e7o decisivo para que o t\u00e3o aguardado hospital universit\u00e1rio finalmente saia do papel e comece a se tornar realidade para toda a regi\u00e3o.<\/p>\n","protected":false},"excerpt":{"rendered":"<p>Nesta quarta-feira, 19 de novembro, o Serid\u00f3 viver\u00e1 um momento hist\u00f3rico. O ministro da Educa\u00e7\u00e3o, Camilo Santana, a governadora F\u00e1tima Bezerra, o prefeito Dr. Tadeu e a Escola Multicampi de Ci\u00eancias M\u00e9dicas da UFRN participam da assinatura do Termo de Coopera\u00e7\u00e3o que dar\u00e1 in\u00edcio \u00e0s etapas finais para a implanta\u00e7\u00e3o do Hospital Universit\u00e1rio do Serid\u00f3&#8230;<\/p>\n","protected":false},"author":1,"featured_media":5165,"comment_status":"open","ping_status":"closed","sticky":false,"template":"","format":"standard","meta":{"footnotes":""},"categories":[8],"tags":[],"class_list":["post-5164","post","type-post","status-publish","format-standard","has-post-thumbnail","hentry","category-cidades"],"_links":{"self":[{"href":"https:\/\/cafecommessias.com.br\/index.php?rest_route=\/wp\/v2\/posts\/5164","targetHints":{"allow":["GET"]}}],"collection":[{"href":"https:\/\/cafecommessias.com.br\/index.php?rest_route=\/wp\/v2\/posts"}],"about":[{"href":"https:\/\/cafecommessias.com.br\/index.php?rest_route=\/wp\/v2\/types\/post"}],"author":[{"embeddable":true,"href":"https:\/\/cafecommessias.com.br\/index.php?rest_route=\/wp\/v2\/users\/1"}],"replies":[{"embeddable":true,"href":"https:\/\/cafecommessias.com.br\/index.php?rest_route=%2Fwp%2Fv2%2Fcomments&post=5164"}],"version-history":[{"count":1,"href":"https:\/\/cafecommessias.com.br\/index.php?rest_route=\/wp\/v2\/posts\/5164\/revisions"}],"predecessor-version":[{"id":5166,"href":"https:\/\/cafecommessias.com.br\/index.php?rest_route=\/wp\/v2\/posts\/5164\/revisions\/5166"}],"wp:featuredmedia":[{"embeddable":true,"href":"https:\/\/cafecommessias.com.br\/index.php?rest_route=\/wp\/v2\/media\/5165"}],"wp:attachment":[{"href":"https:\/\/cafecommessias.com.br\/index.php?rest_route=%2Fwp%2Fv2%2Fmedia&parent=5164"}],"wp:term":[{"taxonomy":"category","embeddable":true,"href":"https:\/\/cafecommessias.com.br\/index.php?rest_route=%2Fwp%2Fv2%2Fcategories&post=5164"},{"taxonomy":"post_tag","embeddable":true,"href":"https:\/\/cafecommessias.com.br\/index.php?rest_route=%2Fwp%2Fv2%2Ftags&post=5164"}],"curies":[{"name":"wp","href":"https:\/\/api.w.org\/{rel}","templated":true}]}}