{"id":5185,"date":"2025-11-19T07:48:49","date_gmt":"2025-11-19T10:48:49","guid":{"rendered":"https:\/\/cafecommessias.com.br\/?p=5185"},"modified":"2025-11-19T07:49:04","modified_gmt":"2025-11-19T10:49:04","slug":"sesc-rn-e-emater-assinam-convenio-que-amplia-o-desenvolvimento-de-hortas-do-sesc-mesa-brasil","status":"publish","type":"post","link":"https:\/\/cafecommessias.com.br\/?p=5185","title":{"rendered":"Sesc RN e Emater assinam conv\u00eanio que amplia o desenvolvimento de hortas do Sesc Mesa Brasil"},"content":{"rendered":"\n<p>O Servi\u00e7o Social do Com\u00e9rcio do Rio Grande do Norte (Sesc RN), entidade do Sistema Fecom\u00e9rcio, assinou nesta segunda-feira, 17, um conv\u00eanio com a Empresa de Assist\u00eancia T\u00e9cnica e Extens\u00e3o Rural (Emater) para o desenvolvimento do projeto Horta Sesc Mesa Brasil.<\/p>\n\n\n\n<p>A a\u00e7\u00e3o beneficiar\u00e1 institui\u00e7\u00f5es em Natal e Mossor\u00f3, ampliando o alcance do programa e fortalecendo a seguran\u00e7a alimentar em diferentes regi\u00f5es do estado.<\/p>\n\n\n\n<p>Em Natal, a institui\u00e7\u00e3o contemplada ser\u00e1 a Onco e Vida; j\u00e1 em Mossor\u00f3, pela primeira vez, a Funda\u00e7\u00e3o Casa do Caminho receber\u00e1 a iniciativa, marcando um passo importante na interioriza\u00e7\u00e3o do projeto.&nbsp;<\/p>\n\n\n\n<p>O Horta Sesc Mesa Brasil consiste na implanta\u00e7\u00e3o de hortas comunit\u00e1rias em institui\u00e7\u00f5es sociais parceiras, com o objetivo de promover alimenta\u00e7\u00e3o saud\u00e1vel, educa\u00e7\u00e3o ambiental e gera\u00e7\u00e3o de oportunidades de aprendizado.<\/p>\n\n\n\n<p>As hortas s\u00e3o planejadas para atender \u00e0s necessidades das entidades, incentivando o cultivo de alimentos frescos e nutritivos que contribuem diretamente para a qualidade de vida dos benefici\u00e1rios, visto que a colheita ser\u00e1 para consumo pr\u00f3prio da institui\u00e7\u00e3o e contabilizar\u00e1 para o Sesc Mesa Brasil como doa\u00e7\u00e3o.&nbsp;<\/p>\n\n\n\n<p>Durante a execu\u00e7\u00e3o do conv\u00eanio, o Sesc RN investir\u00e1 mais de R$ 18 mil, al\u00e9m de disponibilizar apoio t\u00e9cnico da equipe do Mesa Brasil e realizar oficinas e palestras voltadas \u00e0 multiplica\u00e7\u00e3o de conhecimentos sobre cultivo sustent\u00e1vel e aproveitamento dos alimentos. A Emater ser\u00e1 respons\u00e1vel pelo suporte t\u00e9cnico de operacionaliza\u00e7\u00e3o, acompanhando todas as etapas: preparo da terra, implanta\u00e7\u00e3o, manuten\u00e7\u00e3o e colheita.&nbsp;<\/p>\n\n\n\n<p>As institui\u00e7\u00f5es beneficiadas ter\u00e3o papel ativo na iniciativa, colaborando com a implanta\u00e7\u00e3o e manuten\u00e7\u00e3o das hortas, coordenando equipes de atua\u00e7\u00e3o, incentivando a participa\u00e7\u00e3o da comunidade e promovendo a\u00e7\u00f5es educativas. Dessa forma, o projeto fortalece a integra\u00e7\u00e3o social e estimula pr\u00e1ticas de cidadania e sustentabilidade. A expans\u00e3o para Mossor\u00f3 representa um marco para o Sesc RN, que amplia o alcance do Mesa Brasil e refor\u00e7a seu compromisso em promover sa\u00fade e bem-estar em todo o estado. &nbsp;<\/p>\n\n\n\n<p><strong>Horta Sesc Mesa Brasil<\/strong><\/p>\n\n\n\n<p>O projeto consiste no desenvolvimento de uma horta comunit\u00e1ria por meio de a\u00e7\u00f5es educativas, promovendo a seguran\u00e7a alimentar e sustentabilidade da comunidade, possibilitando o acesso a uma alimenta\u00e7\u00e3o saud\u00e1vel, com foco no protagonismo feminino, reconhecendo o Sesc como institui\u00e7\u00e3o promotora de bem-estar social e qualidade de\u202fvida. O projeto est\u00e1 inserido em dois Objetivos de Desenvolvimento Sustent\u00e1vel (ODS 2 e 5), referentes \u00e0 \u201cFome Zero e Agricultura Sustent\u00e1vel\u201d e \u201cIgualdade de G\u00eanero\u201d. No Rio Grande do Norte, o projeto j\u00e1 foi desenvolvido no Instituto Dom Bosco, na Zona Norte de Natal.&nbsp;<\/p>\n\n\n\n<p><strong><sub>Fonte: Sesc RN<\/sub><\/strong><\/p>\n\n\n\n<p><\/p>\n","protected":false},"excerpt":{"rendered":"<p>O Servi\u00e7o Social do Com\u00e9rcio do Rio Grande do Norte (Sesc RN), entidade do Sistema Fecom\u00e9rcio, assinou nesta segunda-feira, 17, um conv\u00eanio com a Empresa de Assist\u00eancia T\u00e9cnica e Extens\u00e3o Rural (Emater) para o desenvolvimento do projeto Horta Sesc Mesa Brasil. A a\u00e7\u00e3o beneficiar\u00e1 institui\u00e7\u00f5es em Natal e Mossor\u00f3, ampliando o alcance do programa e&#8230;<\/p>\n","protected":false},"author":1,"featured_media":5186,"comment_status":"open","ping_status":"closed","sticky":false,"template":"","format":"standard","meta":{"footnotes":""},"categories":[3],"tags":[],"class_list":["post-5185","post","type-post","status-publish","format-standard","has-post-thumbnail","hentry","category-geral"],"_links":{"self":[{"href":"https:\/\/cafecommessias.com.br\/index.php?rest_route=\/wp\/v2\/posts\/5185","targetHints":{"allow":["GET"]}}],"collection":[{"href":"https:\/\/cafecommessias.com.br\/index.php?rest_route=\/wp\/v2\/posts"}],"about":[{"href":"https:\/\/cafecommessias.com.br\/index.php?rest_route=\/wp\/v2\/types\/post"}],"author":[{"embeddable":true,"href":"https:\/\/cafecommessias.com.br\/index.php?rest_route=\/wp\/v2\/users\/1"}],"replies":[{"embeddable":true,"href":"https:\/\/cafecommessias.com.br\/index.php?rest_route=%2Fwp%2Fv2%2Fcomments&post=5185"}],"version-history":[{"count":1,"href":"https:\/\/cafecommessias.com.br\/index.php?rest_route=\/wp\/v2\/posts\/5185\/revisions"}],"predecessor-version":[{"id":5187,"href":"https:\/\/cafecommessias.com.br\/index.php?rest_route=\/wp\/v2\/posts\/5185\/revisions\/5187"}],"wp:featuredmedia":[{"embeddable":true,"href":"https:\/\/cafecommessias.com.br\/index.php?rest_route=\/wp\/v2\/media\/5186"}],"wp:attachment":[{"href":"https:\/\/cafecommessias.com.br\/index.php?rest_route=%2Fwp%2Fv2%2Fmedia&parent=5185"}],"wp:term":[{"taxonomy":"category","embeddable":true,"href":"https:\/\/cafecommessias.com.br\/index.php?rest_route=%2Fwp%2Fv2%2Fcategories&post=5185"},{"taxonomy":"post_tag","embeddable":true,"href":"https:\/\/cafecommessias.com.br\/index.php?rest_route=%2Fwp%2Fv2%2Ftags&post=5185"}],"curies":[{"name":"wp","href":"https:\/\/api.w.org\/{rel}","templated":true}]}}