{"id":5198,"date":"2025-11-19T08:18:38","date_gmt":"2025-11-19T11:18:38","guid":{"rendered":"https:\/\/cafecommessias.com.br\/?p=5198"},"modified":"2025-11-19T08:18:51","modified_gmt":"2025-11-19T11:18:51","slug":"governo-do-rn-decreta-ponto-facultativo-para-servidores-no-dia-21-de-novembro","status":"publish","type":"post","link":"https:\/\/cafecommessias.com.br\/?p=5198","title":{"rendered":"Governo do RN decreta ponto facultativo para servidores no dia 21 de novembro"},"content":{"rendered":"\n<p>O Governo do Rio Grande do Norte decretou ponto facultativo para a pr\u00f3xima sexta-feira, 21 de novembro de 2025, nos \u00f3rg\u00e3os e entidades da Administra\u00e7\u00e3o P\u00fablica Direta, Aut\u00e1rquica e Fundacional do Poder Executivo estadual.<\/p>\n\n\n\n<p>A medida foi estabelecida pelo Decreto n\u00ba 35.089, publicado nesta ter\u00e7a-feira (18) no Di\u00e1rio Oficial do Estado.<\/p>\n\n\n\n<p>De acordo com o governo, o ponto facultativo n\u00e3o se aplica \u00e0s unidades e servi\u00e7os considerados essenciais, que, por sua natureza, n\u00e3o podem ser paralisados ou interrompidos.<\/p>\n\n\n\n<p>Caber\u00e1 aos dirigentes de cada \u00f3rg\u00e3o garantir a continuidade do atendimento nessas \u00e1reas, adotando as provid\u00eancias necess\u00e1rias para manter o funcionamento regular dos servi\u00e7os essenciais.<\/p>\n\n\n\n<p><\/p>\n","protected":false},"excerpt":{"rendered":"<p>O Governo do Rio Grande do Norte decretou ponto facultativo para a pr\u00f3xima sexta-feira, 21 de novembro de 2025, nos \u00f3rg\u00e3os e entidades da Administra\u00e7\u00e3o P\u00fablica Direta, Aut\u00e1rquica e Fundacional do Poder Executivo estadual. A medida foi estabelecida pelo Decreto n\u00ba 35.089, publicado nesta ter\u00e7a-feira (18) no Di\u00e1rio Oficial do Estado. De acordo com o&#8230;<\/p>\n","protected":false},"author":1,"featured_media":5199,"comment_status":"open","ping_status":"closed","sticky":false,"template":"","format":"standard","meta":{"footnotes":""},"categories":[3],"tags":[],"class_list":["post-5198","post","type-post","status-publish","format-standard","has-post-thumbnail","hentry","category-geral"],"_links":{"self":[{"href":"https:\/\/cafecommessias.com.br\/index.php?rest_route=\/wp\/v2\/posts\/5198","targetHints":{"allow":["GET"]}}],"collection":[{"href":"https:\/\/cafecommessias.com.br\/index.php?rest_route=\/wp\/v2\/posts"}],"about":[{"href":"https:\/\/cafecommessias.com.br\/index.php?rest_route=\/wp\/v2\/types\/post"}],"author":[{"embeddable":true,"href":"https:\/\/cafecommessias.com.br\/index.php?rest_route=\/wp\/v2\/users\/1"}],"replies":[{"embeddable":true,"href":"https:\/\/cafecommessias.com.br\/index.php?rest_route=%2Fwp%2Fv2%2Fcomments&post=5198"}],"version-history":[{"count":1,"href":"https:\/\/cafecommessias.com.br\/index.php?rest_route=\/wp\/v2\/posts\/5198\/revisions"}],"predecessor-version":[{"id":5200,"href":"https:\/\/cafecommessias.com.br\/index.php?rest_route=\/wp\/v2\/posts\/5198\/revisions\/5200"}],"wp:featuredmedia":[{"embeddable":true,"href":"https:\/\/cafecommessias.com.br\/index.php?rest_route=\/wp\/v2\/media\/5199"}],"wp:attachment":[{"href":"https:\/\/cafecommessias.com.br\/index.php?rest_route=%2Fwp%2Fv2%2Fmedia&parent=5198"}],"wp:term":[{"taxonomy":"category","embeddable":true,"href":"https:\/\/cafecommessias.com.br\/index.php?rest_route=%2Fwp%2Fv2%2Fcategories&post=5198"},{"taxonomy":"post_tag","embeddable":true,"href":"https:\/\/cafecommessias.com.br\/index.php?rest_route=%2Fwp%2Fv2%2Ftags&post=5198"}],"curies":[{"name":"wp","href":"https:\/\/api.w.org\/{rel}","templated":true}]}}