{"id":5204,"date":"2025-11-19T08:22:28","date_gmt":"2025-11-19T11:22:28","guid":{"rendered":"https:\/\/cafecommessias.com.br\/?p=5204"},"modified":"2025-11-19T08:30:02","modified_gmt":"2025-11-19T11:30:02","slug":"janja-responde-a-criticas-e-diz-que-premie-alemao-nao-conheceu-a-amazonia-so-uma-sala-com-ar-condicionado","status":"publish","type":"post","link":"https:\/\/cafecommessias.com.br\/?p=5204","title":{"rendered":"Janja responde a cr\u00edticas e diz que premi\u00ea alem\u00e3o \u201cn\u00e3o conheceu a Amaz\u00f4nia, s\u00f3 uma sala com ar-condicionado\u201d"},"content":{"rendered":"\n<p>A primeira-dama Janja Lula da Silva rebateu, nesta ter\u00e7a-feira (18), as declara\u00e7\u00f5es do premi\u00ea alem\u00e3o Friedrich Merz, que afirmou que sua comitiva ficou satisfeita ao deixar Bel\u00e9m ap\u00f3s participar da COP30. Durante um painel no Pavilh\u00e3o Food Roots and Routes, ela disse que Merz sequer vivenciou o territ\u00f3rio amaz\u00f4nico de verdade. \u201cEle achou ruim porque n\u00e3o pisou nesse territ\u00f3rio. Ele entrou em uma sala com ar-condicionado e realmente n\u00e3o viveu tudo o que a Amaz\u00f4nia tem a oferecer\u201d, afirmou.<\/p>\n\n\n\n<p>O presidente Lula j\u00e1 havia criticado a postura do premi\u00ea alem\u00e3o, dizendo que ele deveria ter experimentado a culin\u00e1ria local, visitado lugares populares e conhecido a cultura paraense antes de falar sobre Bel\u00e9m. Lula ironizou que Merz descobriria que \u201cBerlim n\u00e3o oferece 10% da qualidade que o Par\u00e1 oferece\u201d.<\/p>\n\n\n\n<p>No painel, Janja tamb\u00e9m destacou o motivo de o governo ter insistido para que a COP30 fosse realizada na Amaz\u00f4nia. Ela citou uma viagem recente com o presidente pela floresta, incluindo encontros com mulheres na chamada \u201cSala da Floresta\u201d, experi\u00eancia que descreveu como simb\u00f3lica por conectar tradi\u00e7\u00e3o, territ\u00f3rio e resist\u00eancia.<\/p>\n\n\n\n<p>Para a primeira-dama, a presen\u00e7a das delega\u00e7\u00f5es estrangeiras na regi\u00e3o deveria servir justamente para ampliar a escuta sobre a Amaz\u00f4nia e seus povos. No entanto, segundo ela, ainda houve quem deixasse o Brasil criticando o evento sem ter sequer experimentado a realidade local.<\/p>\n\n\n\n<p><em><sub>Por Terra<\/sub><\/em><\/p>\n\n\n\n<p class=\"has-text-align-center\"><strong><em>PUBLICIDADE<\/em><\/strong><\/p>\n\n\n\n<figure class=\"wp-block-image size-full\"><img loading=\"lazy\" decoding=\"async\" width=\"970\" height=\"160\" src=\"https:\/\/cafecommessias.com.br\/wp-content\/uploads\/2025\/11\/Banner-ITIV-970x160px-1.gif\" alt=\"\" class=\"wp-image-4835\"\/><\/figure>\n","protected":false},"excerpt":{"rendered":"<p>A primeira-dama Janja Lula da Silva rebateu, nesta ter\u00e7a-feira (18), as declara\u00e7\u00f5es do premi\u00ea alem\u00e3o Friedrich Merz, que afirmou que sua comitiva ficou satisfeita ao deixar Bel\u00e9m ap\u00f3s participar da COP30. Durante um painel no Pavilh\u00e3o Food Roots and Routes, ela disse que Merz sequer vivenciou o territ\u00f3rio amaz\u00f4nico de verdade. \u201cEle achou ruim porque&#8230;<\/p>\n","protected":false},"author":1,"featured_media":5205,"comment_status":"open","ping_status":"closed","sticky":false,"template":"","format":"standard","meta":{"footnotes":""},"categories":[3],"tags":[],"class_list":["post-5204","post","type-post","status-publish","format-standard","has-post-thumbnail","hentry","category-geral"],"_links":{"self":[{"href":"https:\/\/cafecommessias.com.br\/index.php?rest_route=\/wp\/v2\/posts\/5204","targetHints":{"allow":["GET"]}}],"collection":[{"href":"https:\/\/cafecommessias.com.br\/index.php?rest_route=\/wp\/v2\/posts"}],"about":[{"href":"https:\/\/cafecommessias.com.br\/index.php?rest_route=\/wp\/v2\/types\/post"}],"author":[{"embeddable":true,"href":"https:\/\/cafecommessias.com.br\/index.php?rest_route=\/wp\/v2\/users\/1"}],"replies":[{"embeddable":true,"href":"https:\/\/cafecommessias.com.br\/index.php?rest_route=%2Fwp%2Fv2%2Fcomments&post=5204"}],"version-history":[{"count":2,"href":"https:\/\/cafecommessias.com.br\/index.php?rest_route=\/wp\/v2\/posts\/5204\/revisions"}],"predecessor-version":[{"id":5213,"href":"https:\/\/cafecommessias.com.br\/index.php?rest_route=\/wp\/v2\/posts\/5204\/revisions\/5213"}],"wp:featuredmedia":[{"embeddable":true,"href":"https:\/\/cafecommessias.com.br\/index.php?rest_route=\/wp\/v2\/media\/5205"}],"wp:attachment":[{"href":"https:\/\/cafecommessias.com.br\/index.php?rest_route=%2Fwp%2Fv2%2Fmedia&parent=5204"}],"wp:term":[{"taxonomy":"category","embeddable":true,"href":"https:\/\/cafecommessias.com.br\/index.php?rest_route=%2Fwp%2Fv2%2Fcategories&post=5204"},{"taxonomy":"post_tag","embeddable":true,"href":"https:\/\/cafecommessias.com.br\/index.php?rest_route=%2Fwp%2Fv2%2Ftags&post=5204"}],"curies":[{"name":"wp","href":"https:\/\/api.w.org\/{rel}","templated":true}]}}