{"id":5217,"date":"2025-11-19T08:40:49","date_gmt":"2025-11-19T11:40:49","guid":{"rendered":"https:\/\/cafecommessias.com.br\/?p=5217"},"modified":"2025-11-19T08:41:03","modified_gmt":"2025-11-19T11:41:03","slug":"brb-nega-bloqueio-de-bens-apos-operacao-da-pf","status":"publish","type":"post","link":"https:\/\/cafecommessias.com.br\/?p=5217","title":{"rendered":"BRB nega bloqueio de bens ap\u00f3s opera\u00e7\u00e3o da PF"},"content":{"rendered":"\n<p>O Banco de Bras\u00edlia (BRB) negou ser alvo de bloqueio de bens na Opera\u00e7\u00e3o Compliance Zero, deflagrada pela Pol\u00edcia Federal.<\/p>\n\n\n\n<p>A institui\u00e7\u00e3o informou em nota divulgada na noite desta ter\u00e7a-feira (18) que Justi\u00e7a Federal esclareceu que a decis\u00e3o que determinou o bloqueio de R$ 12,2 bilh\u00f5es n\u00e3o abrange as finan\u00e7as do banco, apenas pessoas f\u00edsicas e outras empresas investigadas.<\/p>\n\n\n\n<p>De acordo com o BRB, a 10\u00aa Vara Federal de Bras\u00edlia retificou decis\u00e3o anterior e excluiu a institui\u00e7\u00e3o financeira das medidas de constri\u00e7\u00e3o patrimonial relacionadas \u00e0 opera\u00e7\u00e3o. A nova decis\u00e3o, segundo o banco, deixa claro que o bloqueio n\u00e3o se aplica ao BRB.<\/p>\n\n\n\n<p>\u201cRetifico a decis\u00e3o (\u2026) para excluir o Banco Regional de Bras\u00edlia (\u2026) das medidas de constri\u00e7\u00e3o patrimonial referentes ao bloqueio do montante total de R$ 12,2 bilh\u00f5es de suas contas, uma vez que a eventual responsabilidade de seus dirigentes (pessoas f\u00edsicas) n\u00e3o se confunde com a da pessoa jur\u00eddica, a qual figura como institui\u00e7\u00e3o financeira\u201d, destacou o BRB, atribuindo a autoria \u00e0 10\u00aa Vara Federal de Bras\u00edlia.<\/p>\n\n\n\n<p>O BRB refor\u00e7ou que nenhum bem ou valor da institui\u00e7\u00e3o foi alvo de bloqueio. Segundo o banco, as medidas determinadas pela Justi\u00e7a atingem apenas pessoas f\u00edsicas investigadas e outras institui\u00e7\u00f5es mencionadas nos autos.<\/p>\n\n\n\n<p>A institui\u00e7\u00e3o afirmou ainda manter compromisso com a transpar\u00eancia, a legalidade e o cumprimento das normas do sistema financeiro nacional.<\/p>\n\n\n\n<p>A Justi\u00e7a decretou o afastamento tempor\u00e1rio do presidente do BRB, Paulo Henrique Costa, e do diretor de Finan\u00e7as e Controladoria do BRB, Dario Oswaldo Garcia J\u00fanior.<\/p>\n\n\n\n<p>O governo do Distrito Federal indicou o atual superintendente da Caixa, Celso Eloi de Souza Cavalhero, para presidir o banco BRB. Servidor de carreira da institui\u00e7\u00e3o estatal, Cavalhero substituir\u00e1 Paulo Henrique Costa, afastado do cargo por determina\u00e7\u00e3o judicial. Antes, por\u00e9m, ter\u00e1 que ser aprovado pela C\u00e2mara Legislativa do Distrito Federal.<\/p>\n\n\n\n<p><strong><em><sub>Por Ag\u00eancia Brasil<\/sub><\/em><\/strong><\/p>\n\n\n\n<p><\/p>\n","protected":false},"excerpt":{"rendered":"<p>O Banco de Bras\u00edlia (BRB) negou ser alvo de bloqueio de bens na Opera\u00e7\u00e3o Compliance Zero, deflagrada pela Pol\u00edcia Federal. A institui\u00e7\u00e3o informou em nota divulgada na noite desta ter\u00e7a-feira (18) que Justi\u00e7a Federal esclareceu que a decis\u00e3o que determinou o bloqueio de R$ 12,2 bilh\u00f5es n\u00e3o abrange as finan\u00e7as do banco, apenas pessoas f\u00edsicas&#8230;<\/p>\n","protected":false},"author":1,"featured_media":5218,"comment_status":"open","ping_status":"closed","sticky":false,"template":"","format":"standard","meta":{"footnotes":""},"categories":[3],"tags":[],"class_list":["post-5217","post","type-post","status-publish","format-standard","has-post-thumbnail","hentry","category-geral"],"_links":{"self":[{"href":"https:\/\/cafecommessias.com.br\/index.php?rest_route=\/wp\/v2\/posts\/5217","targetHints":{"allow":["GET"]}}],"collection":[{"href":"https:\/\/cafecommessias.com.br\/index.php?rest_route=\/wp\/v2\/posts"}],"about":[{"href":"https:\/\/cafecommessias.com.br\/index.php?rest_route=\/wp\/v2\/types\/post"}],"author":[{"embeddable":true,"href":"https:\/\/cafecommessias.com.br\/index.php?rest_route=\/wp\/v2\/users\/1"}],"replies":[{"embeddable":true,"href":"https:\/\/cafecommessias.com.br\/index.php?rest_route=%2Fwp%2Fv2%2Fcomments&post=5217"}],"version-history":[{"count":1,"href":"https:\/\/cafecommessias.com.br\/index.php?rest_route=\/wp\/v2\/posts\/5217\/revisions"}],"predecessor-version":[{"id":5219,"href":"https:\/\/cafecommessias.com.br\/index.php?rest_route=\/wp\/v2\/posts\/5217\/revisions\/5219"}],"wp:featuredmedia":[{"embeddable":true,"href":"https:\/\/cafecommessias.com.br\/index.php?rest_route=\/wp\/v2\/media\/5218"}],"wp:attachment":[{"href":"https:\/\/cafecommessias.com.br\/index.php?rest_route=%2Fwp%2Fv2%2Fmedia&parent=5217"}],"wp:term":[{"taxonomy":"category","embeddable":true,"href":"https:\/\/cafecommessias.com.br\/index.php?rest_route=%2Fwp%2Fv2%2Fcategories&post=5217"},{"taxonomy":"post_tag","embeddable":true,"href":"https:\/\/cafecommessias.com.br\/index.php?rest_route=%2Fwp%2Fv2%2Ftags&post=5217"}],"curies":[{"name":"wp","href":"https:\/\/api.w.org\/{rel}","templated":true}]}}