{"id":5235,"date":"2025-11-19T17:42:00","date_gmt":"2025-11-19T20:42:00","guid":{"rendered":"https:\/\/cafecommessias.com.br\/?p=5235"},"modified":"2025-11-19T17:42:16","modified_gmt":"2025-11-19T20:42:16","slug":"projeto-antifaccao-apos-criticas-de-lula-motta-diz-que-governo-cria-falsas-narrativas-e-optou-pelo-caminho-errado","status":"publish","type":"post","link":"https:\/\/cafecommessias.com.br\/?p=5235","title":{"rendered":"PROJETO ANTIFAC\u00c7\u00c3O: Ap\u00f3s cr\u00edticas de Lula, Motta diz que governo cria \u2018falsas narrativas\u2019 e \u2018optou pelo caminho errado\u2019"},"content":{"rendered":"\n<p>O presidente da C\u00e2mara, Hugo Motta (Republicanos-PB), usou as redes sociais nesta quarta-feira para criticar o governo do presidente Luiz In\u00e1cio Lula da Silva. Motta se queixou do fato da base do Pal\u00e1cio do Planalto ter votado contra o projeto de lei Antifac\u00e7\u00e3o e disse que o \u201co governo optou pelo caminho errado\u201d e cria \u201cfalsas narrativas\u201d. A fala acontece logo depois de Lula reclamar da aprova\u00e7\u00e3o do projeto.<\/p>\n\n\n\n<p>\u201cN\u00e3o se pode desinformar a popula\u00e7\u00e3o, que \u00e9 alvo diariamente do crime, com inverdades. \u00c9 muito grave que se tente distorcer os efeitos de um Marco Legal de Combate ao Crime Organizado cuja finalidade \u00e9 refor\u00e7ar a capacidade do Estado na seguran\u00e7a p\u00fablica\u201d, disse Motta.<\/p>\n\n\n\n<p>\u201cN\u00e3o vamos enfrentar a viol\u00eancia das ruas com falsas narrativas. Precisamos estar unidos neste momento. O governo optou pelo caminho errado ao n\u00e3o compor essa corrente de uni\u00e3o para combater a criminalidade. Repito: seguran\u00e7a n\u00e3o pode ser ref\u00e9m de falsas narrativas\u201d, tamb\u00e9m declarou o presidente da C\u00e2mara.<\/p>\n\n\n\n<p>Apesar de a iniciativa ser de autoria do governo, a base foi contra o texto de Guilherme Derrite (PP-SP), que foi aprovado. H\u00e1 cr\u00edticas em rela\u00e7\u00e3o a pontos como a quest\u00e3o do financiamento da Pol\u00edcia Federal e o risco de sobreposi\u00e7\u00e3o de leis.<\/p>\n\n\n\n<p>Derrite \u00e9 secret\u00e1rio do governador de S\u00e3o Paulo, Tarc\u00edsio de Freitas (Republicanos), apontado como poss\u00edvel candidato da oposi\u00e7\u00e3o \u00e0 Presid\u00eancia.<\/p>\n\n\n\n<p>Mais cedo nesta quarta, Lula disse que a iniciativa \u201cenfraque o combate ao crime\u201d.<\/p>\n\n\n\n<p>\u201cPrecisamos de leis firmes e seguras para combater o crime organizado. O projeto aprovado ontem pela C\u00e2mara alterou pontos centrais do PL Antifac\u00e7\u00e3o que nosso governo apresentou. Do jeito que est\u00e1, enfraquece o combate ao crime e gera inseguran\u00e7a jur\u00eddica. Trocar o certo pelo duvidoso s\u00f3 favorece quem quer escapar da lei\u201d, declarou o petista.<\/p>\n\n\n\n<p>O chamado \u201cnovo marco legal do combate ao crime organizado\u201d prev\u00ea penas de 20 a 40 anos de pris\u00e3o para integrantes de fac\u00e7\u00f5es, mil\u00edcias e grupos paramilitares, podendo chegar a 66 anos em algumas hip\u00f3teses.<\/p>\n\n\n\n<p>O projeto restringe ainda, entre outras medidas, a progress\u00e3o de regime para os criminosos, permite o confisco de bens de forma antecipada e prev\u00ea um banco nacional de registro de criminosos. O governo tamb\u00e9m tentou fazer mudan\u00e7as no texto com os chamados destaques, mas acabou derrotado nos pedidos.<\/p>\n\n\n\n<p><strong>Como foi a vota\u00e7\u00e3o na C\u00e2mara<\/strong><\/p>\n\n\n\n<p>O PL Antifac\u00e7\u00e3o foi aprovado por 370 votos a 110. O texto traz os seguintes pontos:<\/p>\n\n\n\n<ul class=\"wp-block-list\">\n<li>cria um marco legal espec\u00edfico para fac\u00e7\u00f5es, mil\u00edcias e grupos paramilitares;<\/li>\n\n\n\n<li>estabelece penas de 20 a 40 anos, podendo chegar a 66 anos;<\/li>\n\n\n\n<li>torna todas as condutas definidas no projeto crimes hediondos;<\/li>\n\n\n\n<li>amplia o confisco de bens, inclusive antecipado;<\/li>\n\n\n\n<li>cria um banco nacional para registro de criminosos;<\/li>\n\n\n\n<li>restringe progress\u00e3o de regime;<\/li>\n\n\n\n<li>estabelece regras mais duras de comunica\u00e7\u00e3o de presos.<\/li>\n<\/ul>\n\n\n\n<p>A oposi\u00e7\u00e3o tentou incluir a equipara\u00e7\u00e3o de fac\u00e7\u00f5es ao terrorismo, mas o presidente da C\u00e2mara, Hugo Motta, anulou as tentativas ao consider\u00e1-las \u201cestranhas ao texto\u201d.<\/p>\n\n\n\n<p><em><sub>Por O Globo<\/sub><\/em><\/p>\n\n\n\n<p><\/p>\n","protected":false},"excerpt":{"rendered":"<p>O presidente da C\u00e2mara, Hugo Motta (Republicanos-PB), usou as redes sociais nesta quarta-feira para criticar o governo do presidente Luiz In\u00e1cio Lula da Silva. Motta se queixou do fato da base do Pal\u00e1cio do Planalto ter votado contra o projeto de lei Antifac\u00e7\u00e3o e disse que o \u201co governo optou pelo caminho errado\u201d e cria&#8230;<\/p>\n","protected":false},"author":1,"featured_media":5236,"comment_status":"open","ping_status":"closed","sticky":false,"template":"","format":"standard","meta":{"footnotes":""},"categories":[6],"tags":[],"class_list":["post-5235","post","type-post","status-publish","format-standard","has-post-thumbnail","hentry","category-politica"],"_links":{"self":[{"href":"https:\/\/cafecommessias.com.br\/index.php?rest_route=\/wp\/v2\/posts\/5235","targetHints":{"allow":["GET"]}}],"collection":[{"href":"https:\/\/cafecommessias.com.br\/index.php?rest_route=\/wp\/v2\/posts"}],"about":[{"href":"https:\/\/cafecommessias.com.br\/index.php?rest_route=\/wp\/v2\/types\/post"}],"author":[{"embeddable":true,"href":"https:\/\/cafecommessias.com.br\/index.php?rest_route=\/wp\/v2\/users\/1"}],"replies":[{"embeddable":true,"href":"https:\/\/cafecommessias.com.br\/index.php?rest_route=%2Fwp%2Fv2%2Fcomments&post=5235"}],"version-history":[{"count":1,"href":"https:\/\/cafecommessias.com.br\/index.php?rest_route=\/wp\/v2\/posts\/5235\/revisions"}],"predecessor-version":[{"id":5237,"href":"https:\/\/cafecommessias.com.br\/index.php?rest_route=\/wp\/v2\/posts\/5235\/revisions\/5237"}],"wp:featuredmedia":[{"embeddable":true,"href":"https:\/\/cafecommessias.com.br\/index.php?rest_route=\/wp\/v2\/media\/5236"}],"wp:attachment":[{"href":"https:\/\/cafecommessias.com.br\/index.php?rest_route=%2Fwp%2Fv2%2Fmedia&parent=5235"}],"wp:term":[{"taxonomy":"category","embeddable":true,"href":"https:\/\/cafecommessias.com.br\/index.php?rest_route=%2Fwp%2Fv2%2Fcategories&post=5235"},{"taxonomy":"post_tag","embeddable":true,"href":"https:\/\/cafecommessias.com.br\/index.php?rest_route=%2Fwp%2Fv2%2Ftags&post=5235"}],"curies":[{"name":"wp","href":"https:\/\/api.w.org\/{rel}","templated":true}]}}