{"id":5241,"date":"2025-11-19T17:52:55","date_gmt":"2025-11-19T20:52:55","guid":{"rendered":"https:\/\/cafecommessias.com.br\/?p=5241"},"modified":"2025-11-19T17:53:14","modified_gmt":"2025-11-19T20:53:14","slug":"entenda-os-principais-pontos-do-pl-antifaccao-aprovado-pela-camara","status":"publish","type":"post","link":"https:\/\/cafecommessias.com.br\/?p=5241","title":{"rendered":"Entenda os principais pontos do PL Antifac\u00e7\u00e3o aprovado pela C\u00e2mara"},"content":{"rendered":"\n<p>A&nbsp;C\u00e2mara dos Deputados&nbsp;aprovou, na noite de ter\u00e7a-feira (19), o&nbsp;PL (Projeto de Lei) Antifac\u00e7\u00e3o.&nbsp;Foram 370 votos favor\u00e1veis e 110 contr\u00e1rios&nbsp;\u00e0 medida enviada pelo governo do presidente&nbsp;Luiz In\u00e1cio Lula da Silva (PT). Agora, o texto segue para o&nbsp;Senado, onde ser\u00e1 relatado por&nbsp;Alessandro Vieira (MDB-SE).<\/p>\n\n\n\n<p>A vers\u00e3o aprovada pelo plen\u00e1rio da C\u00e2mara foi a sexta apresentada pelo relator do projeto na Casa, o deputado&nbsp;Guilherme Derrite (PP-SP), que \u00e9 secret\u00e1rio licenciado da Seguran\u00e7a P\u00fablica em S\u00e3o Paulo.<\/p>\n\n\n\n<p><strong>Confira a seguir os principais pontos do PL Antifac\u00e7\u00e3o aprovado pela C\u00e2mara<\/strong>.<\/p>\n\n\n\n<p><strong>Penas mais duras<\/strong><\/p>\n\n\n\n<p>O texto do projeto endurece penas quando os crimes cometidos tiverem liga\u00e7\u00e3o com fac\u00e7\u00f5es criminosas e\/ou mil\u00edcias.&nbsp;<strong>Veja os detalhes abaixo<\/strong>:<\/p>\n\n\n\n<ul class=\"wp-block-list\">\n<li><strong>Homic\u00eddio:<\/strong>\u00a020 a 40 anos<\/li>\n\n\n\n<li><strong>Les\u00e3o seguida de morte:<\/strong>\u00a020 a 40 anos<\/li>\n\n\n\n<li><strong>Sequestro:<\/strong>\u00a012 a 20 anos<\/li>\n\n\n\n<li><strong>Roubo:<\/strong>\u00a012 a 30 anos<\/li>\n\n\n\n<li><strong>Latroc\u00ednio:<\/strong>\u00a020 a 40 anos<\/li>\n\n\n\n<li><strong>Extors\u00e3o:<\/strong>\u00a0aumento do triplo das penas em todos os casos<\/li>\n\n\n\n<li><strong>Extors\u00e3o por meio de sequestro:<\/strong>\u00a0aumento de 2\/3 das penas em todos os casos<\/li>\n<\/ul>\n\n\n\n<p><strong>Tipifica\u00e7\u00e3o e progress\u00e3o penal<\/strong><\/p>\n\n\n\n<p>S\u00e3o tipificados os crimes de&nbsp;novo canga\u00e7o,&nbsp;dom\u00ednio territorial,&nbsp;uso de explosivos e\/ou drones&nbsp;e&nbsp;ataques \u00e0 infraestrutura.<\/p>\n\n\n\n<p>A progress\u00e3o para determinados crimes poder\u00e1 exigir de&nbsp;70% a 85%&nbsp;do cumprimento da pena fixada.<\/p>\n\n\n\n<p>Chefes de fac\u00e7\u00f5es ser\u00e3o obrigatoriamente enviados para pres\u00eddios federais de seguran\u00e7a m\u00e1xima.<\/p>\n\n\n\n<p><strong>Bloqueio e restri\u00e7\u00e3o de bens<\/strong><\/p>\n\n\n\n<p>O Estado poder\u00e1 determinar o bloqueio imediato de bens (dinheiro, im\u00f3veis, empresas, criptomoedas, entre outros) de investigados em crimes listados no texto na fase de investiga\u00e7\u00e3o ou da a\u00e7\u00e3o penal.<\/p>\n\n\n\n<p>O bloqueio pode ser feito de of\u00edcio por um juiz ou a pedido do MP (Minist\u00e9rio P\u00fablico). Poder\u00e3o tamb\u00e9m ser suspensas, limitadas ou proibidas atividades econ\u00f4micas, empresariais ou profissionais utilizadas para oculta\u00e7\u00e3o de bens e\/ou lavagem de dinheiro.<\/p>\n\n\n\n<p>Al\u00e9m de serem destinados \u00e0 Uni\u00e3o, valores apreendidos tamb\u00e9m poder\u00e3o ser enviados aos estados e ao Distrito Federal.<\/p>\n\n\n\n<p><strong>Interven\u00e7\u00e3o em empresas<\/strong><\/p>\n\n\n\n<p>Caso surjam ind\u00edcios, durante investiga\u00e7\u00e3o, de que determinada empresa ou pessoa jur\u00eddica esteja sendo beneficiada por organiza\u00e7\u00e3o criminosa, paramilitar ou mil\u00edcia privada, um juiz dever\u00e1 determinar o afastamento imediato dos s\u00f3cios e a interven\u00e7\u00e3o judicial em sua administra\u00e7\u00e3o.<\/p>\n\n\n\n<p>Um interventor nomeado pelo juiz ter\u00e1 poderes para:<\/p>\n\n\n\n<ul class=\"wp-block-list\">\n<li><strong>Suspender contratos e opera\u00e7\u00f5es suspeitas;<\/strong><\/li>\n\n\n\n<li><strong>Romper v\u00ednculos com pessoas investigadas;<\/strong><\/li>\n\n\n\n<li><strong>Realizar auditorias financeiras e cont\u00e1beis;<\/strong><\/li>\n\n\n\n<li><strong>Identificar, separar e promover as medidas judiciais cab\u00edveis para o perdimento de bens, direitos ou valores de origem il\u00edcita;<\/strong><\/li>\n\n\n\n<li><strong>Propor plano de saneamento ou liquida\u00e7\u00e3o judicial; e<\/strong><\/li>\n\n\n\n<li><strong>Destinar recursos l\u00edquidos \u00e0 conta judicial vinculada, sob fiscaliza\u00e7\u00e3o do ju\u00edzo.<\/strong><\/li>\n<\/ul>\n\n\n\n<p><strong>Investiga\u00e7\u00f5es mais amplas<\/strong><\/p>\n\n\n\n<p>Parlat\u00f3rios \u2014 onde advogados conversam com seus clientes presos \u2014 poder\u00e3o ser monitorados em casos excepcionais.<\/p>\n\n\n\n<p>Ju\u00edzes dever\u00e3o manter sigilo de medidas determinadas at\u00e9 que elas sejam cumpridas. Em caso de descumprimento, os agentes respons\u00e1veis por implement\u00e1-las estar\u00e3o sujeitos a puni\u00e7\u00f5es, cabendo ao CNJ (Conselho Nacional de Justi\u00e7a) e ao CNMP (Conselho Nacional do Minist\u00e9rio P\u00fablico) supervisionar a ado\u00e7\u00e3o dessas medidas.<\/p>\n\n\n\n<p><em><sub>CNN com informa\u00e7\u00f5es da Ag\u00eancia C\u00e2mara<\/sub><\/em><\/p>\n\n\n\n<p><\/p>\n","protected":false},"excerpt":{"rendered":"<p>A&nbsp;C\u00e2mara dos Deputados&nbsp;aprovou, na noite de ter\u00e7a-feira (19), o&nbsp;PL (Projeto de Lei) Antifac\u00e7\u00e3o.&nbsp;Foram 370 votos favor\u00e1veis e 110 contr\u00e1rios&nbsp;\u00e0 medida enviada pelo governo do presidente&nbsp;Luiz In\u00e1cio Lula da Silva (PT). Agora, o texto segue para o&nbsp;Senado, onde ser\u00e1 relatado por&nbsp;Alessandro Vieira (MDB-SE). A vers\u00e3o aprovada pelo plen\u00e1rio da C\u00e2mara foi a sexta apresentada pelo relator&#8230;<\/p>\n","protected":false},"author":1,"featured_media":5242,"comment_status":"open","ping_status":"closed","sticky":false,"template":"","format":"standard","meta":{"footnotes":""},"categories":[6],"tags":[],"class_list":["post-5241","post","type-post","status-publish","format-standard","has-post-thumbnail","hentry","category-politica"],"_links":{"self":[{"href":"https:\/\/cafecommessias.com.br\/index.php?rest_route=\/wp\/v2\/posts\/5241","targetHints":{"allow":["GET"]}}],"collection":[{"href":"https:\/\/cafecommessias.com.br\/index.php?rest_route=\/wp\/v2\/posts"}],"about":[{"href":"https:\/\/cafecommessias.com.br\/index.php?rest_route=\/wp\/v2\/types\/post"}],"author":[{"embeddable":true,"href":"https:\/\/cafecommessias.com.br\/index.php?rest_route=\/wp\/v2\/users\/1"}],"replies":[{"embeddable":true,"href":"https:\/\/cafecommessias.com.br\/index.php?rest_route=%2Fwp%2Fv2%2Fcomments&post=5241"}],"version-history":[{"count":1,"href":"https:\/\/cafecommessias.com.br\/index.php?rest_route=\/wp\/v2\/posts\/5241\/revisions"}],"predecessor-version":[{"id":5243,"href":"https:\/\/cafecommessias.com.br\/index.php?rest_route=\/wp\/v2\/posts\/5241\/revisions\/5243"}],"wp:featuredmedia":[{"embeddable":true,"href":"https:\/\/cafecommessias.com.br\/index.php?rest_route=\/wp\/v2\/media\/5242"}],"wp:attachment":[{"href":"https:\/\/cafecommessias.com.br\/index.php?rest_route=%2Fwp%2Fv2%2Fmedia&parent=5241"}],"wp:term":[{"taxonomy":"category","embeddable":true,"href":"https:\/\/cafecommessias.com.br\/index.php?rest_route=%2Fwp%2Fv2%2Fcategories&post=5241"},{"taxonomy":"post_tag","embeddable":true,"href":"https:\/\/cafecommessias.com.br\/index.php?rest_route=%2Fwp%2Fv2%2Ftags&post=5241"}],"curies":[{"name":"wp","href":"https:\/\/api.w.org\/{rel}","templated":true}]}}