{"id":5273,"date":"2025-11-20T08:58:40","date_gmt":"2025-11-20T11:58:40","guid":{"rendered":"https:\/\/cafecommessias.com.br\/?p=5273"},"modified":"2025-11-20T08:58:54","modified_gmt":"2025-11-20T11:58:54","slug":"professor-de-artes-marciais-e-preso-por-estupro-de-vulneravel-e-aliciamento-de-menores-em-natal","status":"publish","type":"post","link":"https:\/\/cafecommessias.com.br\/?p=5273","title":{"rendered":"Professor de artes marciais \u00e9 preso por estupro de vulner\u00e1vel e aliciamento de menores em Natal"},"content":{"rendered":"\n<p>Policiais civis da Delegacia Especializada na Prote\u00e7\u00e3o da Crian\u00e7a e do Adolescente (DPCA\/Natal) prenderam, na ter\u00e7a-feira (18), um homem de 51 anos suspeito de praticar estupro de vulner\u00e1vel e aliciamento de crian\u00e7as em Natal.<\/p>\n\n\n\n<p>A pris\u00e3o ocorreu ap\u00f3s o cumprimento de um mandado expedido pelo Poder Judici\u00e1rio.&nbsp;<em>A informa\u00e7\u00e3o \u00e9 do portal Ponta Negra News<\/em><\/p>\n\n\n\n<p>Segundo as investiga\u00e7\u00f5es, o suspeito, que trabalhava como professor de artes marciais, utilizava a profiss\u00e3o para se aproximar das v\u00edtimas \u2014 crian\u00e7as e adolescentes \u2014 e praticar atos libidinosos. A Pol\u00edcia Civil aponta que h\u00e1 m\u00faltiplas v\u00edtimas envolvidas no caso.<\/p>\n\n\n\n<p>A equipe da DPCA\/Natal realizou dilig\u00eancias e localizou o homem na capital potiguar. Ap\u00f3s a pris\u00e3o, ele foi levado para a delegacia para os procedimentos legais e, em seguida, encaminhado ao sistema prisional, onde permanece \u00e0 disposi\u00e7\u00e3o da Justi\u00e7a.<\/p>\n\n\n\n<p><em><sub>Por\u00a0Ponta Negra News<\/sub><\/em><\/p>\n\n\n\n<p class=\"has-text-align-center\"><strong><em>PUBLICIDADE<\/em><\/strong><\/p>\n\n\n\n<figure class=\"wp-block-image size-full\"><img loading=\"lazy\" decoding=\"async\" width=\"970\" height=\"160\" src=\"https:\/\/cafecommessias.com.br\/wp-content\/uploads\/2025\/11\/Banner-ITIV-970x160px-1.gif\" alt=\"\" class=\"wp-image-4835\"\/><\/figure>\n","protected":false},"excerpt":{"rendered":"<p>Policiais civis da Delegacia Especializada na Prote\u00e7\u00e3o da Crian\u00e7a e do Adolescente (DPCA\/Natal) prenderam, na ter\u00e7a-feira (18), um homem de 51 anos suspeito de praticar estupro de vulner\u00e1vel e aliciamento de crian\u00e7as em Natal. A pris\u00e3o ocorreu ap\u00f3s o cumprimento de um mandado expedido pelo Poder Judici\u00e1rio.&nbsp;A informa\u00e7\u00e3o \u00e9 do portal Ponta Negra News Segundo&#8230;<\/p>\n","protected":false},"author":1,"featured_media":5274,"comment_status":"open","ping_status":"closed","sticky":false,"template":"","format":"standard","meta":{"footnotes":""},"categories":[23],"tags":[],"class_list":["post-5273","post","type-post","status-publish","format-standard","has-post-thumbnail","hentry","category-crime"],"_links":{"self":[{"href":"https:\/\/cafecommessias.com.br\/index.php?rest_route=\/wp\/v2\/posts\/5273","targetHints":{"allow":["GET"]}}],"collection":[{"href":"https:\/\/cafecommessias.com.br\/index.php?rest_route=\/wp\/v2\/posts"}],"about":[{"href":"https:\/\/cafecommessias.com.br\/index.php?rest_route=\/wp\/v2\/types\/post"}],"author":[{"embeddable":true,"href":"https:\/\/cafecommessias.com.br\/index.php?rest_route=\/wp\/v2\/users\/1"}],"replies":[{"embeddable":true,"href":"https:\/\/cafecommessias.com.br\/index.php?rest_route=%2Fwp%2Fv2%2Fcomments&post=5273"}],"version-history":[{"count":1,"href":"https:\/\/cafecommessias.com.br\/index.php?rest_route=\/wp\/v2\/posts\/5273\/revisions"}],"predecessor-version":[{"id":5275,"href":"https:\/\/cafecommessias.com.br\/index.php?rest_route=\/wp\/v2\/posts\/5273\/revisions\/5275"}],"wp:featuredmedia":[{"embeddable":true,"href":"https:\/\/cafecommessias.com.br\/index.php?rest_route=\/wp\/v2\/media\/5274"}],"wp:attachment":[{"href":"https:\/\/cafecommessias.com.br\/index.php?rest_route=%2Fwp%2Fv2%2Fmedia&parent=5273"}],"wp:term":[{"taxonomy":"category","embeddable":true,"href":"https:\/\/cafecommessias.com.br\/index.php?rest_route=%2Fwp%2Fv2%2Fcategories&post=5273"},{"taxonomy":"post_tag","embeddable":true,"href":"https:\/\/cafecommessias.com.br\/index.php?rest_route=%2Fwp%2Fv2%2Ftags&post=5273"}],"curies":[{"name":"wp","href":"https:\/\/api.w.org\/{rel}","templated":true}]}}