{"id":5279,"date":"2025-11-20T09:06:16","date_gmt":"2025-11-20T12:06:16","guid":{"rendered":"https:\/\/cafecommessias.com.br\/?p=5279"},"modified":"2025-11-20T09:06:35","modified_gmt":"2025-11-20T12:06:35","slug":"governo-lula-gastou-r-71-milhoes-para-alugar-cabines-de-navios-na-cop30","status":"publish","type":"post","link":"https:\/\/cafecommessias.com.br\/?p=5279","title":{"rendered":"Governo Lula gastou R$ 71 milh\u00f5es para alugar cabines de navios na COP30"},"content":{"rendered":"\n<p>O governo federal destinou R$ 71,7 milh\u00f5es para contratar 850 cabines em navios de cruzeiro usados como hospedagem durante a COP30, em Bel\u00e9m (PA). A contrata\u00e7\u00e3o atende ao acordo com a UNFCCC, que exigia ao menos 450 cabines \u2014 ao custo de R$ 26,3 milh\u00f5es \u2014 para delega\u00e7\u00f5es de pa\u00edses pobres.<\/p>\n\n\n\n<p>Al\u00e9m dessa cota obrigat\u00f3ria, o governo adquiriu outras 400 cabines, no valor de R$ 45,4 milh\u00f5es, destinadas \u00e0 delega\u00e7\u00e3o brasileira.<\/p>\n\n\n\n<p>A Secop30 informou ao Poder360 que o valor final ainda pode mudar, j\u00e1 que a confer\u00eancia segue at\u00e9 21 de novembro. Os pagamentos s\u00f3 ser\u00e3o feitos ap\u00f3s o evento, conforme a quantidade de cabines que n\u00e3o forem vendidas.<\/p>\n\n\n\n<p>A contrata\u00e7\u00e3o foi viabilizada pela Embratur, que selecionou a operadora Qualitours para providenciar os navios MSC Seaview e Costa Diadema, atualmente atracados no Terminal Portu\u00e1rio de Outeiro.<\/p>\n\n\n\n<p>A hospedagem flutuante foi adotada como solu\u00e7\u00e3o log\u00edstica diante do d\u00e9ficit de leitos na capital paraense. Bel\u00e9m precisaria mais que dobrar sua capacidade hoteleira para receber as 60 mil pessoas previstas para a c\u00fapula clim\u00e1tica.<\/p>\n\n\n\n<p>Segundo o governo, o uso de cruzeiros evita a sobrecarga da rede hoteleira local e garante estrutura adequada para delega\u00e7\u00f5es e equipes t\u00e9cnicas. A Qualitours foi procurada, mas n\u00e3o comentou os valores.<\/p>\n\n\n\n<p><em><sub>Por Poder 360<\/sub><\/em><\/p>\n\n\n\n<p><\/p>\n","protected":false},"excerpt":{"rendered":"<p>O governo federal destinou R$ 71,7 milh\u00f5es para contratar 850 cabines em navios de cruzeiro usados como hospedagem durante a COP30, em Bel\u00e9m (PA). A contrata\u00e7\u00e3o atende ao acordo com a UNFCCC, que exigia ao menos 450 cabines \u2014 ao custo de R$ 26,3 milh\u00f5es \u2014 para delega\u00e7\u00f5es de pa\u00edses pobres. Al\u00e9m dessa cota obrigat\u00f3ria,&#8230;<\/p>\n","protected":false},"author":1,"featured_media":5280,"comment_status":"open","ping_status":"closed","sticky":false,"template":"","format":"standard","meta":{"footnotes":""},"categories":[37],"tags":[],"class_list":["post-5279","post","type-post","status-publish","format-standard","has-post-thumbnail","hentry","category-brasil"],"_links":{"self":[{"href":"https:\/\/cafecommessias.com.br\/index.php?rest_route=\/wp\/v2\/posts\/5279","targetHints":{"allow":["GET"]}}],"collection":[{"href":"https:\/\/cafecommessias.com.br\/index.php?rest_route=\/wp\/v2\/posts"}],"about":[{"href":"https:\/\/cafecommessias.com.br\/index.php?rest_route=\/wp\/v2\/types\/post"}],"author":[{"embeddable":true,"href":"https:\/\/cafecommessias.com.br\/index.php?rest_route=\/wp\/v2\/users\/1"}],"replies":[{"embeddable":true,"href":"https:\/\/cafecommessias.com.br\/index.php?rest_route=%2Fwp%2Fv2%2Fcomments&post=5279"}],"version-history":[{"count":1,"href":"https:\/\/cafecommessias.com.br\/index.php?rest_route=\/wp\/v2\/posts\/5279\/revisions"}],"predecessor-version":[{"id":5281,"href":"https:\/\/cafecommessias.com.br\/index.php?rest_route=\/wp\/v2\/posts\/5279\/revisions\/5281"}],"wp:featuredmedia":[{"embeddable":true,"href":"https:\/\/cafecommessias.com.br\/index.php?rest_route=\/wp\/v2\/media\/5280"}],"wp:attachment":[{"href":"https:\/\/cafecommessias.com.br\/index.php?rest_route=%2Fwp%2Fv2%2Fmedia&parent=5279"}],"wp:term":[{"taxonomy":"category","embeddable":true,"href":"https:\/\/cafecommessias.com.br\/index.php?rest_route=%2Fwp%2Fv2%2Fcategories&post=5279"},{"taxonomy":"post_tag","embeddable":true,"href":"https:\/\/cafecommessias.com.br\/index.php?rest_route=%2Fwp%2Fv2%2Ftags&post=5279"}],"curies":[{"name":"wp","href":"https:\/\/api.w.org\/{rel}","templated":true}]}}