{"id":5285,"date":"2025-11-20T09:15:39","date_gmt":"2025-11-20T12:15:39","guid":{"rendered":"https:\/\/cafecommessias.com.br\/?p=5285"},"modified":"2025-11-20T09:16:30","modified_gmt":"2025-11-20T12:16:30","slug":"apos-novo-acordao-bolsonaro-pode-ir-para-o-regime-fechado-na-proxima-semana","status":"publish","type":"post","link":"https:\/\/cafecommessias.com.br\/?p=5285","title":{"rendered":"Ap\u00f3s novo ac\u00f3rd\u00e3o, Bolsonaro pode ir para o regime fechado na pr\u00f3xima semana"},"content":{"rendered":"\n<p>O ex-presidente Jair Bolsonaro (PL) pode iniciar o cumprimento da pena em regime fechado ainda em novembro. A possibilidade ganhou for\u00e7a ap\u00f3s a publica\u00e7\u00e3o do ac\u00f3rd\u00e3o que rejeitou os primeiros embargos de declara\u00e7\u00e3o da defesa no caso da trama golpista.<\/p>\n\n\n\n<p>Com isso, especialistas ouvidos pelo&nbsp;<em>R7<\/em>&nbsp;afirmam que o ministro Alexandre de Moraes, do STF, j\u00e1 pode determinar o come\u00e7o da execu\u00e7\u00e3o da pena assim que os prazos recursais se encerrarem.<\/p>\n\n\n\n<p>O prazo para apresenta\u00e7\u00e3o de embargos infringentes voltou a correr com a rejei\u00e7\u00e3o dos embargos de declara\u00e7\u00e3o e termina em 28 de novembro, caso n\u00e3o haja nova interrup\u00e7\u00e3o. Ap\u00f3s o fim dos recursos cab\u00edveis, ocorre o tr\u00e2nsito em julgado, quando a condena\u00e7\u00e3o se torna definitiva.<\/p>\n\n\n\n<p>Segundo o advogado criminalista Jaime Fusco, encerrados os recursos, a execu\u00e7\u00e3o deve come\u00e7ar obrigatoriamente em regime fechado. Ele avalia que, pelo ritmo do processo, essa determina\u00e7\u00e3o pode ocorrer ainda neste m\u00eas.<\/p>\n\n\n\n<p>A defesa ainda pode apresentar novos embargos de declara\u00e7\u00e3o (prazo de 5 dias), mas eles s\u00f3 servem para esclarecer pontos da decis\u00e3o e n\u00e3o podem reverter a condena\u00e7\u00e3o. J\u00e1 os embargos infringentes n\u00e3o devem ser aceitos, pois s\u00f3 s\u00e3o admitidos quando h\u00e1 ao menos dois votos divergentes \u2014 e Bolsonaro recebeu apenas um, de Luiz Fux.<\/p>\n\n\n\n<p>Moraes pode:<\/p>\n\n\n\n<ol class=\"wp-block-list\">\n<li>esperar o fim dos prazos,<\/li>\n\n\n\n<li>rejeitar novos recursos imediatamente, se entender que s\u00e3o protelat\u00f3rios, ou<\/li>\n\n\n\n<li>autorizar a execu\u00e7\u00e3o antes, caso avalie abuso recursal.<\/li>\n<\/ol>\n\n\n\n<p>Bolsonaro foi condenado a 27 anos e 3 meses de pris\u00e3o, acusado de liderar uma tentativa de golpe de Estado, e deve iniciar a pena diretamente no regime fechado, conforme prev\u00ea a lei.<\/p>\n\n\n\n<p><strong>PL aposta que Motta s\u00f3 pautar\u00e1 anistia ap\u00f3s a pris\u00e3o de Bolsonaro<\/strong><\/p>\n\n\n\n<p>Ap\u00f3s a aprova\u00e7\u00e3o do PL Antifac\u00e7\u00e3o, lideran\u00e7as do PL decidiram voltar suas aten\u00e7\u00f5es na C\u00e2mara para o projeto da anistia aos condenados pelo 8 de Janeiro, o que deve beneficiar o ex-presidente Jair Bolsonaro.<\/p>\n\n\n\n<p>Na vis\u00e3o de caciques do PL, por\u00e9m, o presidente da Casa, Hugo Motta (Republicanos-PB), s\u00f3 pautar\u00e1 o projeto ap\u00f3s Bolsonaro ser enviado pelo STF para o regime fechado de pris\u00e3o.<\/p>\n\n\n\n<p>Em entrevistas recentes, o pr\u00f3prio Motta admitiu que a anistia voltar\u00e1 ao debate nas pr\u00f3ximas semanas. Ele acredita que convencer\u00e1 o PL a apoiar uma redu\u00e7\u00e3o das penas, e n\u00e3o a anistia \u201campla, geral e irrestrita\u201d.<\/p>\n\n\n\n<p><em><sub>Por R7 e Metr\u00f3poles<\/sub><\/em><\/p>\n\n\n\n<p class=\"has-text-align-center\"><strong><em>PUBLICIDADE<\/em><\/strong><a href=\"https:\/\/www.blogdobg.com.br\/apos-novo-acordao-bolsonaro-pode-ir-para-o-regime-fechado-na-proxima-semana\/#comentarios\"><\/a><\/p>\n\n\n\n<figure class=\"wp-block-image size-full\"><img loading=\"lazy\" decoding=\"async\" width=\"970\" height=\"160\" src=\"https:\/\/cafecommessias.com.br\/wp-content\/uploads\/2025\/11\/Banner-ITIV-970x160px-1.gif\" alt=\"\" class=\"wp-image-4835\"\/><\/figure>\n","protected":false},"excerpt":{"rendered":"<p>O ex-presidente Jair Bolsonaro (PL) pode iniciar o cumprimento da pena em regime fechado ainda em novembro. A possibilidade ganhou for\u00e7a ap\u00f3s a publica\u00e7\u00e3o do ac\u00f3rd\u00e3o que rejeitou os primeiros embargos de declara\u00e7\u00e3o da defesa no caso da trama golpista. Com isso, especialistas ouvidos pelo&nbsp;R7&nbsp;afirmam que o ministro Alexandre de Moraes, do STF, j\u00e1 pode&#8230;<\/p>\n","protected":false},"author":1,"featured_media":5286,"comment_status":"open","ping_status":"closed","sticky":false,"template":"","format":"standard","meta":{"footnotes":""},"categories":[3],"tags":[],"class_list":["post-5285","post","type-post","status-publish","format-standard","has-post-thumbnail","hentry","category-geral"],"_links":{"self":[{"href":"https:\/\/cafecommessias.com.br\/index.php?rest_route=\/wp\/v2\/posts\/5285","targetHints":{"allow":["GET"]}}],"collection":[{"href":"https:\/\/cafecommessias.com.br\/index.php?rest_route=\/wp\/v2\/posts"}],"about":[{"href":"https:\/\/cafecommessias.com.br\/index.php?rest_route=\/wp\/v2\/types\/post"}],"author":[{"embeddable":true,"href":"https:\/\/cafecommessias.com.br\/index.php?rest_route=\/wp\/v2\/users\/1"}],"replies":[{"embeddable":true,"href":"https:\/\/cafecommessias.com.br\/index.php?rest_route=%2Fwp%2Fv2%2Fcomments&post=5285"}],"version-history":[{"count":1,"href":"https:\/\/cafecommessias.com.br\/index.php?rest_route=\/wp\/v2\/posts\/5285\/revisions"}],"predecessor-version":[{"id":5287,"href":"https:\/\/cafecommessias.com.br\/index.php?rest_route=\/wp\/v2\/posts\/5285\/revisions\/5287"}],"wp:featuredmedia":[{"embeddable":true,"href":"https:\/\/cafecommessias.com.br\/index.php?rest_route=\/wp\/v2\/media\/5286"}],"wp:attachment":[{"href":"https:\/\/cafecommessias.com.br\/index.php?rest_route=%2Fwp%2Fv2%2Fmedia&parent=5285"}],"wp:term":[{"taxonomy":"category","embeddable":true,"href":"https:\/\/cafecommessias.com.br\/index.php?rest_route=%2Fwp%2Fv2%2Fcategories&post=5285"},{"taxonomy":"post_tag","embeddable":true,"href":"https:\/\/cafecommessias.com.br\/index.php?rest_route=%2Fwp%2Fv2%2Ftags&post=5285"}],"curies":[{"name":"wp","href":"https:\/\/api.w.org\/{rel}","templated":true}]}}