{"id":5291,"date":"2025-11-20T09:36:04","date_gmt":"2025-11-20T12:36:04","guid":{"rendered":"https:\/\/cafecommessias.com.br\/?p=5291"},"modified":"2025-11-20T10:06:52","modified_gmt":"2025-11-20T13:06:52","slug":"processo-de-cassacao-de-brisa-bracchi-seguira-assim-que-houver-autorizacao-da-justica-diz-eriko-jacome","status":"publish","type":"post","link":"https:\/\/cafecommessias.com.br\/?p=5291","title":{"rendered":"Processo de cassa\u00e7\u00e3o de Brisa Bracchi seguir\u00e1 assim que houver autoriza\u00e7\u00e3o da Justi\u00e7a, diz Eriko J\u00e1come"},"content":{"rendered":"\n<p>Em nota oficial divulgada nesta quarta-feira (19), o presidente da C\u00e2mara Municipal de Natal, Eriko J\u00e1come, reafirmou que o Legislativo natalense cumpre integralmente todas as determina\u00e7\u00f5es judiciais e mant\u00e9m di\u00e1logo constante com as autoridades competentes para garantir total conformidade com a lei.<\/p>\n\n\n\n<p>O presidente tamb\u00e9m ressaltou que a C\u00e2mara Municipal de Natal n\u00e3o se responsabiliza por falas, opini\u00f5es ou manifesta\u00e7\u00f5es individuais, sejam de vereadores, servidores ou de cidad\u00e3os, uma vez que cada declara\u00e7\u00e3o p\u00fablica \u00e9 de inteira responsabilidade de quem a profere. A institui\u00e7\u00e3o segue comprometida com seu papel institucional.<\/p>\n\n\n\n<p>Nesta quarta-feira (19), o vereador Matheus Faustino falou em \u201cvenda de senten\u00e7a\u201d se referindo ao caso da vereadora Brisa Bracchi, que conseguiu na Justi\u00e7a estadual decis\u00f5es impedindo que fosse realizada a sess\u00e3o que votaria sua cassa\u00e7\u00e3o. Isso ocorreu porque a C\u00e2mara n\u00e3o cumpriu como deveria prazos regimentais.<\/p>\n\n\n\n<p>Eriko J\u00e1come destacou ainda que, assim que houver autoriza\u00e7\u00e3o e concord\u00e2ncia da Justi\u00e7a, a C\u00e2mara Municipal seguir\u00e1 com o processo de julgamento de cassa\u00e7\u00e3o da vereadora, observando rigorosamente todos os ritos legais e regimentais previstos.<\/p>\n\n\n\n<p>\u201cEstamos obedecendo a todas as orienta\u00e7\u00f5es da Justi\u00e7a e tomando todas as medidas para preservar o bom andamento dos trabalhos. A C\u00e2mara de Natal segue funcionando normalmente, com responsabilidade e respeito \u00e0 legalidade\u201d, afirmou Eriko J\u00e1come.<\/p>\n\n\n\n<p>Apesar dos recentes questionamentos externos, o presidente reiterou que as atividades legislativas continuam ocorrendo regularmente, incluindo sess\u00f5es plen\u00e1rias, reuni\u00f5es das comiss\u00f5es e atos administrativos.<\/p>\n\n\n\n<p>A nota encerra refor\u00e7ando o compromisso da Mesa Diretora com uma gest\u00e3o transparente, segura e rigorosamente alinhada \u00e0s determina\u00e7\u00f5es legais em todos os seus \u00e2mbitos, reafirmando o respeito absoluto \u00e0s institui\u00e7\u00f5es e ao Estado Democr\u00e1tico de Direito.<\/p>\n\n\n\n<p class=\"has-text-align-center\"><strong><em>PUBLICIDADE<\/em><\/strong><\/p>\n\n\n\n<figure class=\"wp-block-image size-full\"><img loading=\"lazy\" decoding=\"async\" width=\"970\" height=\"160\" src=\"https:\/\/cafecommessias.com.br\/wp-content\/uploads\/2025\/11\/Banner-ITIV-970x160px-1.gif\" alt=\"\" class=\"wp-image-4835\"\/><\/figure>\n","protected":false},"excerpt":{"rendered":"<p>Em nota oficial divulgada nesta quarta-feira (19), o presidente da C\u00e2mara Municipal de Natal, Eriko J\u00e1come, reafirmou que o Legislativo natalense cumpre integralmente todas as determina\u00e7\u00f5es judiciais e mant\u00e9m di\u00e1logo constante com as autoridades competentes para garantir total conformidade com a lei. O presidente tamb\u00e9m ressaltou que a C\u00e2mara Municipal de Natal n\u00e3o se responsabiliza&#8230;<\/p>\n","protected":false},"author":1,"featured_media":5292,"comment_status":"open","ping_status":"closed","sticky":false,"template":"","format":"standard","meta":{"footnotes":""},"categories":[3],"tags":[],"class_list":["post-5291","post","type-post","status-publish","format-standard","has-post-thumbnail","hentry","category-geral"],"_links":{"self":[{"href":"https:\/\/cafecommessias.com.br\/index.php?rest_route=\/wp\/v2\/posts\/5291","targetHints":{"allow":["GET"]}}],"collection":[{"href":"https:\/\/cafecommessias.com.br\/index.php?rest_route=\/wp\/v2\/posts"}],"about":[{"href":"https:\/\/cafecommessias.com.br\/index.php?rest_route=\/wp\/v2\/types\/post"}],"author":[{"embeddable":true,"href":"https:\/\/cafecommessias.com.br\/index.php?rest_route=\/wp\/v2\/users\/1"}],"replies":[{"embeddable":true,"href":"https:\/\/cafecommessias.com.br\/index.php?rest_route=%2Fwp%2Fv2%2Fcomments&post=5291"}],"version-history":[{"count":2,"href":"https:\/\/cafecommessias.com.br\/index.php?rest_route=\/wp\/v2\/posts\/5291\/revisions"}],"predecessor-version":[{"id":5297,"href":"https:\/\/cafecommessias.com.br\/index.php?rest_route=\/wp\/v2\/posts\/5291\/revisions\/5297"}],"wp:featuredmedia":[{"embeddable":true,"href":"https:\/\/cafecommessias.com.br\/index.php?rest_route=\/wp\/v2\/media\/5292"}],"wp:attachment":[{"href":"https:\/\/cafecommessias.com.br\/index.php?rest_route=%2Fwp%2Fv2%2Fmedia&parent=5291"}],"wp:term":[{"taxonomy":"category","embeddable":true,"href":"https:\/\/cafecommessias.com.br\/index.php?rest_route=%2Fwp%2Fv2%2Fcategories&post=5291"},{"taxonomy":"post_tag","embeddable":true,"href":"https:\/\/cafecommessias.com.br\/index.php?rest_route=%2Fwp%2Fv2%2Ftags&post=5291"}],"curies":[{"name":"wp","href":"https:\/\/api.w.org\/{rel}","templated":true}]}}