{"id":5294,"date":"2025-11-20T09:43:54","date_gmt":"2025-11-20T12:43:54","guid":{"rendered":"https:\/\/cafecommessias.com.br\/?p=5294"},"modified":"2025-11-20T10:51:19","modified_gmt":"2025-11-20T13:51:19","slug":"mec-assina-acordo-de-cooperacao-tecnica-para-criacao-de-hospital-universitario-da-ufrn-em-caico-rn","status":"publish","type":"post","link":"https:\/\/cafecommessias.com.br\/?p=5294","title":{"rendered":"MEC assina Acordo de Coopera\u00e7\u00e3o T\u00e9cnica para cria\u00e7\u00e3o de hospital universit\u00e1rio da UFRN em Caic\u00f3, RN"},"content":{"rendered":"\n<p>Em agenda nesta quarta-feira, 19 de novembro, na cidade de Caic\u00f3, o ministro Camilo Santana participou da&nbsp;solenidade de assinatura de Acordo de Coopera\u00e7\u00e3o T\u00e9cnica (ACT)&nbsp;entre o governo do Rio Grande do Norte, a Empresa Brasileira de Servi\u00e7os Hospitalares (Ebserh) e a Universidade Federal do Rio Grande do Norte (UFRN) para implanta\u00e7\u00e3o do Hospital Universit\u00e1rio da UFRN, a ser constru\u00eddo no munic\u00edpio.<\/p>\n\n\n\n<p>\u201cN\u00e3o tenho d\u00favida de que esse hospital ser\u00e1 um marco para a regi\u00e3o. Ser\u00e1 um hospital com mais de 180 leitos e que vai atender pelo SUS os 25 munic\u00edpios da regi\u00e3o do Serid\u00f3, ficando aqui em Caic\u00f3. Tamb\u00e9m vai ser importante para a forma\u00e7\u00e3o dos nossos profissionais de sa\u00fade. Nossa ideia \u00e9 levar os hospitais universit\u00e1rios para o interior para atender n\u00e3o s\u00f3 as universidades que foram para o interior, mas tamb\u00e9m a popula\u00e7\u00e3o, atrav\u00e9s da aten\u00e7\u00e3o \u00e0 sa\u00fade\u201d, explicou Santana.<\/p>\n\n\n\n<p>O chefe da pasta tamb\u00e9m anunciou a cria\u00e7\u00e3o de dois novos cursos de gradua\u00e7\u00e3o no campus Caic\u00f3 da UFRN, a partir do primeiro semestre de 2026: bacharelado em arqueologia, com 25 vagas anuais; e bacharelado em engenharia de computa\u00e7\u00e3o, com 40 vagas anuais.<\/p>\n\n\n\n<p>A UFRN conta hoje com 2.163 docentes e 29.219 estudantes. Destes, 344 s\u00e3o residentes de medicina, que cursam um dos cinco programas de resid\u00eancia da universidade: cirurgia geral; cl\u00ednica m\u00e9dica; medicina de fam\u00edlia e comunidade; medicina de fam\u00edlia e comunidade \u2013 sa\u00fade do campo da floresta e das \u00e1guas; e medicina de fam\u00edlia e comunidade \u2013 sa\u00fade mental. Al\u00e9m disso, outros 212 alunos cursam a resid\u00eancia multiprofissional em aten\u00e7\u00e3o \u00e0 sa\u00fade da mulher e da crian\u00e7a.<\/p>\n\n\n\n<p><strong>Novo PAC<\/strong>&nbsp;\u2013 O Hospital Universit\u00e1rio da UFRN em Caic\u00f3 \u00e9 um dos muitos investimentos que o MEC tem feito no Rio Grande do Norte. Os recursos do Novo Programa de Acelera\u00e7\u00e3o do Crescimento totalizam R$ 707 milh\u00f5es em diferentes n\u00edveis de ensino.<\/p>\n\n\n\n<p>S\u00e3o investimentos de R$ 509,6 milh\u00f5es para a educa\u00e7\u00e3o b\u00e1sica, R$ 88,6 milh\u00f5es destinados \u00e0 educa\u00e7\u00e3o profissional e tecnol\u00f3gica e R$ 108,7 milh\u00f5es voltados \u00e0 educa\u00e7\u00e3o superior.<\/p>\n\n\n\n<p>Os recursos permitem a constru\u00e7\u00e3o de 24 escolas em tempo integral e 50 creches; al\u00e9m da aquisi\u00e7\u00e3o de 129 \u00f4nibus escolares, beneficiando 16 munic\u00edpios maranhenses.<\/p>\n\n\n\n<p>O programa tamb\u00e9m viabiliza a cria\u00e7\u00e3o de tr\u00eas novos campi do Instituto Federal do Rio Grande do Norte (IFRN) \u2014 em Touros, S\u00e3o Miguel e Umarizal \u2014 e a realiza\u00e7\u00e3o de 29 obras de melhoria em universidades e institutos federais j\u00e1 existentes, distribu\u00eddas por 16 munic\u00edpios, ampliando o alcance e a qualidade da educa\u00e7\u00e3o p\u00fablica no estado.<\/p>\n\n\n\n<p><em><sub>Fonte&nbsp;MEC<\/sub><\/em><\/p>\n\n\n\n<p class=\"has-text-align-center\"><strong><em>PUBLICIDADE<\/em><\/strong><\/p>\n\n\n\n<figure class=\"wp-block-image size-full\"><img loading=\"lazy\" decoding=\"async\" width=\"630\" height=\"96\" src=\"https:\/\/cafecommessias.com.br\/wp-content\/uploads\/2025\/11\/630x96-Adolescencia.png.webp\" alt=\"\" class=\"wp-image-5304\" srcset=\"https:\/\/cafecommessias.com.br\/wp-content\/uploads\/2025\/11\/630x96-Adolescencia.png.webp 630w, https:\/\/cafecommessias.com.br\/wp-content\/uploads\/2025\/11\/630x96-Adolescencia.png-300x46.webp 300w\" sizes=\"auto, (max-width: 630px) 100vw, 630px\" \/><\/figure>\n","protected":false},"excerpt":{"rendered":"<p>Em agenda nesta quarta-feira, 19 de novembro, na cidade de Caic\u00f3, o ministro Camilo Santana participou da&nbsp;solenidade de assinatura de Acordo de Coopera\u00e7\u00e3o T\u00e9cnica (ACT)&nbsp;entre o governo do Rio Grande do Norte, a Empresa Brasileira de Servi\u00e7os Hospitalares (Ebserh) e a Universidade Federal do Rio Grande do Norte (UFRN) para implanta\u00e7\u00e3o do Hospital Universit\u00e1rio da&#8230;<\/p>\n","protected":false},"author":1,"featured_media":5295,"comment_status":"open","ping_status":"closed","sticky":false,"template":"","format":"standard","meta":{"footnotes":""},"categories":[3],"tags":[],"class_list":["post-5294","post","type-post","status-publish","format-standard","has-post-thumbnail","hentry","category-geral"],"_links":{"self":[{"href":"https:\/\/cafecommessias.com.br\/index.php?rest_route=\/wp\/v2\/posts\/5294","targetHints":{"allow":["GET"]}}],"collection":[{"href":"https:\/\/cafecommessias.com.br\/index.php?rest_route=\/wp\/v2\/posts"}],"about":[{"href":"https:\/\/cafecommessias.com.br\/index.php?rest_route=\/wp\/v2\/types\/post"}],"author":[{"embeddable":true,"href":"https:\/\/cafecommessias.com.br\/index.php?rest_route=\/wp\/v2\/users\/1"}],"replies":[{"embeddable":true,"href":"https:\/\/cafecommessias.com.br\/index.php?rest_route=%2Fwp%2Fv2%2Fcomments&post=5294"}],"version-history":[{"count":2,"href":"https:\/\/cafecommessias.com.br\/index.php?rest_route=\/wp\/v2\/posts\/5294\/revisions"}],"predecessor-version":[{"id":5305,"href":"https:\/\/cafecommessias.com.br\/index.php?rest_route=\/wp\/v2\/posts\/5294\/revisions\/5305"}],"wp:featuredmedia":[{"embeddable":true,"href":"https:\/\/cafecommessias.com.br\/index.php?rest_route=\/wp\/v2\/media\/5295"}],"wp:attachment":[{"href":"https:\/\/cafecommessias.com.br\/index.php?rest_route=%2Fwp%2Fv2%2Fmedia&parent=5294"}],"wp:term":[{"taxonomy":"category","embeddable":true,"href":"https:\/\/cafecommessias.com.br\/index.php?rest_route=%2Fwp%2Fv2%2Fcategories&post=5294"},{"taxonomy":"post_tag","embeddable":true,"href":"https:\/\/cafecommessias.com.br\/index.php?rest_route=%2Fwp%2Fv2%2Ftags&post=5294"}],"curies":[{"name":"wp","href":"https:\/\/api.w.org\/{rel}","templated":true}]}}