{"id":53,"date":"2025-07-10T00:15:22","date_gmt":"2025-07-10T03:15:22","guid":{"rendered":"http:\/\/cafecommessias.com.br\/?p=53"},"modified":"2025-07-10T00:18:32","modified_gmt":"2025-07-10T03:18:32","slug":"brasil-diz-a-embaixada-que-carta-de-trump-e-ofensiva-e-devolve-documento","status":"publish","type":"post","link":"https:\/\/cafecommessias.com.br\/?p=53","title":{"rendered":"Brasil diz \u00e0 embaixada que carta de Trump \u00e9 ofensiva e \u201cdevolve\u201d documento"},"content":{"rendered":"\n<p>Encarregado de neg\u00f3cios voltou a ser convocado novamente pelo Itamaraty para confirmar tarifa\u00e7o de Trump; documento n\u00e3o havia chegado formalmente<\/p>\n\n\n\n<p>O&nbsp;<strong>Minist\u00e9rio das Rela\u00e7\u00f5es Exteriores<\/strong>&nbsp;convocou pela segunda vez, nesta quarta-feira (9), o encarregado de neg\u00f3cios dos&nbsp;<strong>Estados Unidos<\/strong>,&nbsp;<strong>Gabriel Escobar<\/strong>, para prestar esclarecimentos sobre o tarifa\u00e7o de&nbsp;<strong>Donald Trump<\/strong>.<\/p>\n\n\n\n<p>Escobar j\u00e1 havia ido ao minist\u00e9rio mais cedo, antes de o presidente americano publicar carta que anunciava tarifa de 50% ao Brasil. Ap\u00f3s a divulga\u00e7\u00e3o do documento, a embaixadora Maria Lu\u00edsa Escorel, secret\u00e1ria de Europa e Am\u00e9rica do Norte, pediu ao representante americano que confirmasse a autenticidade da carta.<\/p>\n\n\n\n<p>Com a confirma\u00e7\u00e3o, o minist\u00e9rio &#8220;devolveu&#8221; a carta e disse ao encarregado que o conte\u00fado do documento era ofensivo, com declara\u00e7\u00f5es falsas sobre o Brasil e erros factuais sobre a rela\u00e7\u00e3o comercial bilateral. Ao devolver o documento, a diplomacia brasileira mostra que n\u00e3o aceita as considera\u00e7\u00f5es feitas por Trump.<\/p>\n\n\n\n<h4 class=\"wp-block-heading\">Primeira convoca\u00e7\u00e3o<\/h4>\n\n\n\n<p>Durante a tarde, na primeira convoca\u00e7\u00e3o, o representante da embaixada norte-americana ouviu um duro recado do Itamaraty, depois da divulga\u00e7\u00e3o de uma nota em defesa de Jair Bolsonaro (PL).<\/p>\n\n\n\n<p>O governo brasileiro defendeu a soberania nacional e afirmou que n\u00e3o aceitaria interfer\u00eancia nas quest\u00f5es internas do pa\u00eds. No comunicado, a embaixada dos EUA falou que uma \u201cpersegui\u00e7\u00e3o pol\u00edtica\u201d contra Bolsonaro \u00e9 \u201cvergonhosa e desrespeita as tradi\u00e7\u00f5es democr\u00e1ticas do Brasil\u201d.<\/p>\n\n\n\n<p>\u201cJair Bolsonaro e sua fam\u00edlia t\u00eam sido fortes parceiros dos Estados Unidos. A persegui\u00e7\u00e3o pol\u00edtica contra ele, sua fam\u00edlia e seus apoiadores \u00e9 vergonhosa e desrespeita as tradi\u00e7\u00f5es democr\u00e1ticas do Brasil. Refor\u00e7amos a declara\u00e7\u00e3o do presidente Trump. Estamos acompanhando de perto a situa\u00e7\u00e3o. N\u00e3o comentamos sobre as pr\u00f3ximas a\u00e7\u00f5es do Departamento de Estado em rela\u00e7\u00e3o a casos espec\u00edficos\u201d, diz a nota.<\/p>\n\n\n\n<p>Na segunda-feira (7), Trump defendeu o ex-presidente na sua rede social, a Truth Social. O republicano afirmou que Bolsonaro\u00a0est\u00e1 sofrendo um ataque pol\u00edtico, como aconteceu com ele.<\/p>\n\n\n\n<p>\u201cEstarei assistindo a ca\u00e7a \u00e0s bruxas de Jair Bolsonaro, de sua fam\u00edlia e de milhares de seus apoiadores, muito de perto. O \u00fanico julgamento que deveria estar acontecendo \u00e9 o julgamento pelos eleitores do Brasil \u2014 isso se chama elei\u00e7\u00e3o. Deixem Bolsonaro em paz!\u201d, escreveu Trump.<\/p>\n\n\n\n<p>Na publica\u00e7\u00e3o, o presidente dos EUA n\u00e3o menciona diretamente as a\u00e7\u00f5es judiciais contra Bolsonaro, mas fala em persegui\u00e7\u00e3o e reafirma a inoc\u00eancia do ex-presidente.<\/p>\n\n\n\n<p><sub>Gabriela Prado\u00a0e\u00a0Isabel Mega, da CNN, Bras\u00edlia<\/sub><\/p>\n\n\n\n<p><\/p>\n","protected":false},"excerpt":{"rendered":"<p>Encarregado de neg\u00f3cios voltou a ser convocado novamente pelo Itamaraty para confirmar tarifa\u00e7o de Trump; documento n\u00e3o havia chegado formalmente O&nbsp;Minist\u00e9rio das Rela\u00e7\u00f5es Exteriores&nbsp;convocou pela segunda vez, nesta quarta-feira (9), o encarregado de neg\u00f3cios dos&nbsp;Estados Unidos,&nbsp;Gabriel Escobar, para prestar esclarecimentos sobre o tarifa\u00e7o de&nbsp;Donald Trump. Escobar j\u00e1 havia ido ao minist\u00e9rio mais cedo, antes de&#8230;<\/p>\n","protected":false},"author":1,"featured_media":55,"comment_status":"closed","ping_status":"closed","sticky":false,"template":"","format":"standard","meta":{"footnotes":""},"categories":[6],"tags":[],"class_list":["post-53","post","type-post","status-publish","format-standard","has-post-thumbnail","hentry","category-politica"],"_links":{"self":[{"href":"https:\/\/cafecommessias.com.br\/index.php?rest_route=\/wp\/v2\/posts\/53","targetHints":{"allow":["GET"]}}],"collection":[{"href":"https:\/\/cafecommessias.com.br\/index.php?rest_route=\/wp\/v2\/posts"}],"about":[{"href":"https:\/\/cafecommessias.com.br\/index.php?rest_route=\/wp\/v2\/types\/post"}],"author":[{"embeddable":true,"href":"https:\/\/cafecommessias.com.br\/index.php?rest_route=\/wp\/v2\/users\/1"}],"replies":[{"embeddable":true,"href":"https:\/\/cafecommessias.com.br\/index.php?rest_route=%2Fwp%2Fv2%2Fcomments&post=53"}],"version-history":[{"count":1,"href":"https:\/\/cafecommessias.com.br\/index.php?rest_route=\/wp\/v2\/posts\/53\/revisions"}],"predecessor-version":[{"id":54,"href":"https:\/\/cafecommessias.com.br\/index.php?rest_route=\/wp\/v2\/posts\/53\/revisions\/54"}],"wp:featuredmedia":[{"embeddable":true,"href":"https:\/\/cafecommessias.com.br\/index.php?rest_route=\/wp\/v2\/media\/55"}],"wp:attachment":[{"href":"https:\/\/cafecommessias.com.br\/index.php?rest_route=%2Fwp%2Fv2%2Fmedia&parent=53"}],"wp:term":[{"taxonomy":"category","embeddable":true,"href":"https:\/\/cafecommessias.com.br\/index.php?rest_route=%2Fwp%2Fv2%2Fcategories&post=53"},{"taxonomy":"post_tag","embeddable":true,"href":"https:\/\/cafecommessias.com.br\/index.php?rest_route=%2Fwp%2Fv2%2Ftags&post=53"}],"curies":[{"name":"wp","href":"https:\/\/api.w.org\/{rel}","templated":true}]}}