{"id":5317,"date":"2025-11-20T18:49:59","date_gmt":"2025-11-20T21:49:59","guid":{"rendered":"https:\/\/cafecommessias.com.br\/?p=5317"},"modified":"2025-11-20T18:50:22","modified_gmt":"2025-11-20T21:50:22","slug":"video-incendio-atinge-pavilhao-que-recebe-a-cop30-em-belem-area-e-evacuada","status":"publish","type":"post","link":"https:\/\/cafecommessias.com.br\/?p=5317","title":{"rendered":"V\u00cdDEO: Inc\u00eandio atinge pavilh\u00e3o que recebe a COP30, em Bel\u00e9m; \u00e1rea \u00e9 evacuada"},"content":{"rendered":"\n<blockquote class=\"wp-block-quote is-layout-flow wp-block-quote-is-layout-flow\">\n<p><img decoding=\"async\" alt=\"\ud83c\udde7\ud83c\uddf7\" src=\"https:\/\/s.w.org\/images\/core\/emoji\/13.1.0\/svg\/1f1e7-1f1f7.svg\">&nbsp;URGENTE: Novas imagens mostram muito fogo e correria na COP30, a C\u00fapula do Clima da ONU, que acontece em Bel\u00e9m.&nbsp;<a href=\"https:\/\/t.co\/zAo2RHF4CW\">pic.twitter.com\/zAo2RHF4CW<\/a><\/p>\n\n\n\n<p>\u2014 Eixo Pol\u00edtico (@eixopolitico)&nbsp;<a href=\"https:\/\/twitter.com\/eixopolitico\/status\/1991558771437629568?ref_src=twsrc%5Etfw\">November 20, 2025<\/a><\/p>\n<\/blockquote>\n\n\n\n<p><\/p>\n\n\n\n<blockquote class=\"wp-block-quote is-layout-flow wp-block-quote-is-layout-flow\">\n<p>\ud83d\udea8 Um inc\u00eandio atingiu o pavilh\u00e3o da COP30 em Bel\u00e9m, nesta quinta-feira (20\/11). O fogo assustou quem estava no local, e a orienta\u00e7\u00e3o foi de evacua\u00e7\u00e3o.<\/p>\n\n\n\n<p>\u27a1\ufe0f Aguarde mais informa\u00e7\u00f5es.<\/p>\n\n\n\n<p>\ud83c\udfa5 Reprodu\u00e7\u00e3o&nbsp;<a href=\"https:\/\/t.co\/iGVC5ebuy5\">pic.twitter.com\/iGVC5ebuy5<\/a><\/p>\n\n\n\n<p>\u2014 Metr\u00f3poles (@Metropoles)&nbsp;<a href=\"https:\/\/twitter.com\/Metropoles\/status\/1991560053401514173?ref_src=twsrc%5Etfw\">November 20, 2025<\/a><\/p>\n<\/blockquote>\n\n\n\n<p>Um inc\u00eandio foi registrado nesta quinta-feira (20) em um dos pavilh\u00f5es onde ocorre a Confer\u00eancia do Clima, a COP30, em Bel\u00e9m (PA). Os primeiros relatos do problema aconteceram pouco depois das 14h.<\/p>\n\n\n\n<p>Pessoas que estavam no local foram retiradas por ordem da seguran\u00e7a.<\/p>\n\n\n\n<p>At\u00e9 por volta das 14h20, n\u00e3o havia detalhes sobre a origem do fogo.<\/p>\n\n\n\n<p>As chamas atingiram espa\u00e7os na zona azul, na \u00e1rea chamada de Pavilh\u00e3o dos Pa\u00edses.<\/p>\n\n\n\n<p>A energia el\u00e9trica foi cortada na \u00e1rea interna deste pavilh\u00e3o.<\/p>\n\n\n\n<p>A zona azul, tamb\u00e9m chamada de Blue Zone, \u00e9 o espa\u00e7o onde se re\u00fanem os negociadores e ministros.<\/p>\n\n\n\n<p>N\u00e3o h\u00e1 informa\u00e7\u00f5es sobre feridos.<\/p>\n\n\n\n<p><em><sub>Por <strong>g1<\/strong><\/sub><\/em><\/p>\n","protected":false},"excerpt":{"rendered":"<p>&nbsp;URGENTE: Novas imagens mostram muito fogo e correria na COP30, a C\u00fapula do Clima da ONU, que acontece em Bel\u00e9m.&nbsp;pic.twitter.com\/zAo2RHF4CW \u2014 Eixo Pol\u00edtico (@eixopolitico)&nbsp;November 20, 2025 \ud83d\udea8 Um inc\u00eandio atingiu o pavilh\u00e3o da COP30 em Bel\u00e9m, nesta quinta-feira (20\/11). O fogo assustou quem estava no local, e a orienta\u00e7\u00e3o foi de evacua\u00e7\u00e3o. \u27a1\ufe0f Aguarde mais&#8230;<\/p>\n","protected":false},"author":1,"featured_media":0,"comment_status":"open","ping_status":"open","sticky":false,"template":"","format":"standard","meta":{"footnotes":""},"categories":[3],"tags":[],"class_list":["post-5317","post","type-post","status-publish","format-standard","hentry","category-geral"],"_links":{"self":[{"href":"https:\/\/cafecommessias.com.br\/index.php?rest_route=\/wp\/v2\/posts\/5317","targetHints":{"allow":["GET"]}}],"collection":[{"href":"https:\/\/cafecommessias.com.br\/index.php?rest_route=\/wp\/v2\/posts"}],"about":[{"href":"https:\/\/cafecommessias.com.br\/index.php?rest_route=\/wp\/v2\/types\/post"}],"author":[{"embeddable":true,"href":"https:\/\/cafecommessias.com.br\/index.php?rest_route=\/wp\/v2\/users\/1"}],"replies":[{"embeddable":true,"href":"https:\/\/cafecommessias.com.br\/index.php?rest_route=%2Fwp%2Fv2%2Fcomments&post=5317"}],"version-history":[{"count":1,"href":"https:\/\/cafecommessias.com.br\/index.php?rest_route=\/wp\/v2\/posts\/5317\/revisions"}],"predecessor-version":[{"id":5318,"href":"https:\/\/cafecommessias.com.br\/index.php?rest_route=\/wp\/v2\/posts\/5317\/revisions\/5318"}],"wp:attachment":[{"href":"https:\/\/cafecommessias.com.br\/index.php?rest_route=%2Fwp%2Fv2%2Fmedia&parent=5317"}],"wp:term":[{"taxonomy":"category","embeddable":true,"href":"https:\/\/cafecommessias.com.br\/index.php?rest_route=%2Fwp%2Fv2%2Fcategories&post=5317"},{"taxonomy":"post_tag","embeddable":true,"href":"https:\/\/cafecommessias.com.br\/index.php?rest_route=%2Fwp%2Fv2%2Ftags&post=5317"}],"curies":[{"name":"wp","href":"https:\/\/api.w.org\/{rel}","templated":true}]}}