{"id":5322,"date":"2025-11-20T18:55:07","date_gmt":"2025-11-20T21:55:07","guid":{"rendered":"https:\/\/cafecommessias.com.br\/?p=5322"},"modified":"2025-11-20T18:55:19","modified_gmt":"2025-11-20T21:55:19","slug":"cop30-teto-de-pavilhao-atingido-por-incendio-ficou-totalmente-destruido-pelas-chamas","status":"publish","type":"post","link":"https:\/\/cafecommessias.com.br\/?p=5322","title":{"rendered":"COP30: Teto de pavilh\u00e3o atingido por inc\u00eandio ficou totalmente destru\u00eddo pelas chamas"},"content":{"rendered":"\n<p>Uma imagem divulgada pela ag\u00eancia Reuters mostra os estragos causados pelo inc\u00eandio que atingiu um pavilh\u00e3o da COP30, nesta quinta-feira (20), na Zona Azul, em Bel\u00e9m (PA). N\u00e3o h\u00e1 registro de feridos.<\/p>\n\n\n\n<p>O ministro do Turismo, Celso Sabino, afirmou que o fogo pode ter sido causado por um curto-circuito ou por um celular carregando, mas destacou que a causa ainda ser\u00e1 investigada.&nbsp;Ele garantiu que o epis\u00f3dio n\u00e3o comprometer\u00e1 o restante da confer\u00eancia, prevista para encerrar nesta sexta-feira (21).<\/p>\n\n\n\n<p><em><sub>Por Record News<\/sub><\/em><\/p>\n\n\n\n<p><\/p>\n","protected":false},"excerpt":{"rendered":"<p>Uma imagem divulgada pela ag\u00eancia Reuters mostra os estragos causados pelo inc\u00eandio que atingiu um pavilh\u00e3o da COP30, nesta quinta-feira (20), na Zona Azul, em Bel\u00e9m (PA). N\u00e3o h\u00e1 registro de feridos. O ministro do Turismo, Celso Sabino, afirmou que o fogo pode ter sido causado por um curto-circuito ou por um celular carregando, mas&#8230;<\/p>\n","protected":false},"author":1,"featured_media":5323,"comment_status":"open","ping_status":"closed","sticky":false,"template":"","format":"standard","meta":{"footnotes":""},"categories":[3],"tags":[],"class_list":["post-5322","post","type-post","status-publish","format-standard","has-post-thumbnail","hentry","category-geral"],"_links":{"self":[{"href":"https:\/\/cafecommessias.com.br\/index.php?rest_route=\/wp\/v2\/posts\/5322","targetHints":{"allow":["GET"]}}],"collection":[{"href":"https:\/\/cafecommessias.com.br\/index.php?rest_route=\/wp\/v2\/posts"}],"about":[{"href":"https:\/\/cafecommessias.com.br\/index.php?rest_route=\/wp\/v2\/types\/post"}],"author":[{"embeddable":true,"href":"https:\/\/cafecommessias.com.br\/index.php?rest_route=\/wp\/v2\/users\/1"}],"replies":[{"embeddable":true,"href":"https:\/\/cafecommessias.com.br\/index.php?rest_route=%2Fwp%2Fv2%2Fcomments&post=5322"}],"version-history":[{"count":1,"href":"https:\/\/cafecommessias.com.br\/index.php?rest_route=\/wp\/v2\/posts\/5322\/revisions"}],"predecessor-version":[{"id":5324,"href":"https:\/\/cafecommessias.com.br\/index.php?rest_route=\/wp\/v2\/posts\/5322\/revisions\/5324"}],"wp:featuredmedia":[{"embeddable":true,"href":"https:\/\/cafecommessias.com.br\/index.php?rest_route=\/wp\/v2\/media\/5323"}],"wp:attachment":[{"href":"https:\/\/cafecommessias.com.br\/index.php?rest_route=%2Fwp%2Fv2%2Fmedia&parent=5322"}],"wp:term":[{"taxonomy":"category","embeddable":true,"href":"https:\/\/cafecommessias.com.br\/index.php?rest_route=%2Fwp%2Fv2%2Fcategories&post=5322"},{"taxonomy":"post_tag","embeddable":true,"href":"https:\/\/cafecommessias.com.br\/index.php?rest_route=%2Fwp%2Fv2%2Ftags&post=5322"}],"curies":[{"name":"wp","href":"https:\/\/api.w.org\/{rel}","templated":true}]}}