{"id":5329,"date":"2025-11-20T19:03:05","date_gmt":"2025-11-20T22:03:05","guid":{"rendered":"https:\/\/cafecommessias.com.br\/?p=5329"},"modified":"2025-11-20T19:03:20","modified_gmt":"2025-11-20T22:03:20","slug":"seguira-cumprindo-seu-papel-na-defesa-da-constituicao-e-do-estado-democratico-de-direito-diz-lula-sobre-messias-no-stf","status":"publish","type":"post","link":"https:\/\/cafecommessias.com.br\/?p=5329","title":{"rendered":"\u201cSeguir\u00e1 cumprindo seu papel na defesa da Constitui\u00e7\u00e3o e do Estado Democr\u00e1tico de Direito\u201d, diz Lula sobre Messias no STF"},"content":{"rendered":"\n<p>O presidente Luiz In\u00e1cio Lula da Silva disse que Jorge Messias, nome indicado por ele para ocupar vaga no STF (Supremo Tribunal Federal), vai continuar cumprindo seu papel na defesa da Constitui\u00e7\u00e3o e do Estado Democr\u00e1tico de Direito. Lula indicou nesta quinta-feira (20) o atual advogado-geral da Uni\u00e3o, para a vaga de Lu\u00eds Roberto Barroso.<\/p>\n\n\n\n<p>\u201cAssinei hoje mensagem ao Senado Federal indicando o nome do Advogado-Geral da Uni\u00e3o, Jorge Messias, para exercer o cargo de ministro do Supremo Tribunal Federal, na vaga deixada pelo ex-ministro Lu\u00eds Roberto Barroso. Fa\u00e7o essa indica\u00e7\u00e3o na certeza de que Messias seguir\u00e1 cumprindo seu papel na defesa da Constitui\u00e7\u00e3o e do Estado Democr\u00e1tico de Direito no STF, como tem feito em toda a sua vida p\u00fablica.\u201d, escreveu o presidente numa publica\u00e7\u00e3o nas redes sociais.<\/p>\n\n\n\n<p>Agora o indicado vai passar por sabatina na CCJ (Comiss\u00e3o de Constitui\u00e7\u00e3o e Justi\u00e7a) do Senado Federal. Ap\u00f3s o interrogat\u00f3rio, o processo segue ent\u00e3o para vota\u00e7\u00e3o no plen\u00e1rio, onde Messias precisa ter pelo menos 41 dos 81 votos dos senadores \u2014 maioria absoluta.<\/p>\n\n\n\n<p><em><sub>Por R7<\/sub><\/em><\/p>\n\n\n\n<p><\/p>\n","protected":false},"excerpt":{"rendered":"<p>O presidente Luiz In\u00e1cio Lula da Silva disse que Jorge Messias, nome indicado por ele para ocupar vaga no STF (Supremo Tribunal Federal), vai continuar cumprindo seu papel na defesa da Constitui\u00e7\u00e3o e do Estado Democr\u00e1tico de Direito. Lula indicou nesta quinta-feira (20) o atual advogado-geral da Uni\u00e3o, para a vaga de Lu\u00eds Roberto Barroso&#8230;.<\/p>\n","protected":false},"author":1,"featured_media":5330,"comment_status":"open","ping_status":"closed","sticky":false,"template":"","format":"standard","meta":{"footnotes":""},"categories":[3],"tags":[],"class_list":["post-5329","post","type-post","status-publish","format-standard","has-post-thumbnail","hentry","category-geral"],"_links":{"self":[{"href":"https:\/\/cafecommessias.com.br\/index.php?rest_route=\/wp\/v2\/posts\/5329","targetHints":{"allow":["GET"]}}],"collection":[{"href":"https:\/\/cafecommessias.com.br\/index.php?rest_route=\/wp\/v2\/posts"}],"about":[{"href":"https:\/\/cafecommessias.com.br\/index.php?rest_route=\/wp\/v2\/types\/post"}],"author":[{"embeddable":true,"href":"https:\/\/cafecommessias.com.br\/index.php?rest_route=\/wp\/v2\/users\/1"}],"replies":[{"embeddable":true,"href":"https:\/\/cafecommessias.com.br\/index.php?rest_route=%2Fwp%2Fv2%2Fcomments&post=5329"}],"version-history":[{"count":1,"href":"https:\/\/cafecommessias.com.br\/index.php?rest_route=\/wp\/v2\/posts\/5329\/revisions"}],"predecessor-version":[{"id":5331,"href":"https:\/\/cafecommessias.com.br\/index.php?rest_route=\/wp\/v2\/posts\/5329\/revisions\/5331"}],"wp:featuredmedia":[{"embeddable":true,"href":"https:\/\/cafecommessias.com.br\/index.php?rest_route=\/wp\/v2\/media\/5330"}],"wp:attachment":[{"href":"https:\/\/cafecommessias.com.br\/index.php?rest_route=%2Fwp%2Fv2%2Fmedia&parent=5329"}],"wp:term":[{"taxonomy":"category","embeddable":true,"href":"https:\/\/cafecommessias.com.br\/index.php?rest_route=%2Fwp%2Fv2%2Fcategories&post=5329"},{"taxonomy":"post_tag","embeddable":true,"href":"https:\/\/cafecommessias.com.br\/index.php?rest_route=%2Fwp%2Fv2%2Ftags&post=5329"}],"curies":[{"name":"wp","href":"https:\/\/api.w.org\/{rel}","templated":true}]}}