{"id":5335,"date":"2025-11-21T06:42:22","date_gmt":"2025-11-21T09:42:22","guid":{"rendered":"https:\/\/cafecommessias.com.br\/?p=5335"},"modified":"2025-11-21T06:42:36","modified_gmt":"2025-11-21T09:42:36","slug":"cop30-entra-no-ultimo-dia-sob-pressao-por-acordo-e-sob-impacto-de-incendio-na-area-de-negociacoes","status":"publish","type":"post","link":"https:\/\/cafecommessias.com.br\/?p=5335","title":{"rendered":"COP30 entra no \u00faltimo dia sob press\u00e3o por acordo e sob impacto de inc\u00eandio na \u00e1rea de negocia\u00e7\u00f5es"},"content":{"rendered":"\n<p>A COP30 chega ao seu dia final, nesta sexta-feira (21), em Bel\u00e9m, cercada por incertezas e pela expectativa de um esfor\u00e7o concentrado para destravar o acordo clim\u00e1tico. A presid\u00eancia brasileira da confer\u00eancia acredita em um mutir\u00e3o diplom\u00e1tico de \u00faltima hora, apesar de reconhecer que o cronograma ficou ainda mais apertado ap\u00f3s o inc\u00eandio que atingiu a Blue Zone \u2014 setor onde ocorrem as decis\u00f5es mais sens\u00edveis entre as delega\u00e7\u00f5es.<\/p>\n\n\n\n<p>O fogo, que fechou a \u00e1rea por horas e provocou atendimentos m\u00e9dicos por inala\u00e7\u00e3o de fuma\u00e7a, repercutiu internacionalmente e, segundo o presidente da COP30, Andr\u00e9 Corr\u00eaa do Lago, interferiu diretamente no ritmo das tratativas. Em entrevista \u00e0 CNN, ele afirmou que o incidente encurtou o tempo dispon\u00edvel e ocorre justamente quando temas delicados, como a transi\u00e7\u00e3o energ\u00e9tica e a redu\u00e7\u00e3o do uso de combust\u00edveis f\u00f3sseis, seguem sem consenso.<\/p>\n\n\n\n<p>A Pol\u00edcia Federal j\u00e1 abriu investiga\u00e7\u00e3o para apurar a origem das chamas, com uma das hip\u00f3teses apontando para um micro-ondas incompat\u00edvel com a rede el\u00e9trica do pavilh\u00e3o. O epis\u00f3dio ocorre dias ap\u00f3s a ONU alertar o governo brasileiro sobre riscos estruturais da confer\u00eancia, incluindo falhas el\u00e9tricas, problemas de refrigera\u00e7\u00e3o, alagamentos e quest\u00f5es de seguran\u00e7a.<\/p>\n\n\n\n<p>O ambiente de incerteza tamb\u00e9m \u00e9 alimentado pela multiplica\u00e7\u00e3o de propostas paralelas, os chamados&nbsp;<em>road maps<\/em>, que dividem as prioridades das delega\u00e7\u00f5es e dificultam avan\u00e7os no debate sobre o fim dos combust\u00edveis f\u00f3sseis e no financiamento para adapta\u00e7\u00e3o clim\u00e1tica. Diante do impasse, o secret\u00e1rio-geral da ONU, Ant\u00f3nio Guterres, cobrou resultados e refor\u00e7ou que n\u00e3o h\u00e1 caminho poss\u00edvel sem uma transi\u00e7\u00e3o energ\u00e9tica justa e sem ampliar significativamente os recursos destinados \u00e0 adapta\u00e7\u00e3o at\u00e9 2030.<\/p>\n\n\n\n<p><em><sub>Por CNN<\/sub><\/em><\/p>\n\n\n\n<p><\/p>\n","protected":false},"excerpt":{"rendered":"<p>A COP30 chega ao seu dia final, nesta sexta-feira (21), em Bel\u00e9m, cercada por incertezas e pela expectativa de um esfor\u00e7o concentrado para destravar o acordo clim\u00e1tico. A presid\u00eancia brasileira da confer\u00eancia acredita em um mutir\u00e3o diplom\u00e1tico de \u00faltima hora, apesar de reconhecer que o cronograma ficou ainda mais apertado ap\u00f3s o inc\u00eandio que atingiu&#8230;<\/p>\n","protected":false},"author":1,"featured_media":5336,"comment_status":"open","ping_status":"closed","sticky":false,"template":"","format":"standard","meta":{"footnotes":""},"categories":[37],"tags":[],"class_list":["post-5335","post","type-post","status-publish","format-standard","has-post-thumbnail","hentry","category-brasil"],"_links":{"self":[{"href":"https:\/\/cafecommessias.com.br\/index.php?rest_route=\/wp\/v2\/posts\/5335","targetHints":{"allow":["GET"]}}],"collection":[{"href":"https:\/\/cafecommessias.com.br\/index.php?rest_route=\/wp\/v2\/posts"}],"about":[{"href":"https:\/\/cafecommessias.com.br\/index.php?rest_route=\/wp\/v2\/types\/post"}],"author":[{"embeddable":true,"href":"https:\/\/cafecommessias.com.br\/index.php?rest_route=\/wp\/v2\/users\/1"}],"replies":[{"embeddable":true,"href":"https:\/\/cafecommessias.com.br\/index.php?rest_route=%2Fwp%2Fv2%2Fcomments&post=5335"}],"version-history":[{"count":1,"href":"https:\/\/cafecommessias.com.br\/index.php?rest_route=\/wp\/v2\/posts\/5335\/revisions"}],"predecessor-version":[{"id":5337,"href":"https:\/\/cafecommessias.com.br\/index.php?rest_route=\/wp\/v2\/posts\/5335\/revisions\/5337"}],"wp:featuredmedia":[{"embeddable":true,"href":"https:\/\/cafecommessias.com.br\/index.php?rest_route=\/wp\/v2\/media\/5336"}],"wp:attachment":[{"href":"https:\/\/cafecommessias.com.br\/index.php?rest_route=%2Fwp%2Fv2%2Fmedia&parent=5335"}],"wp:term":[{"taxonomy":"category","embeddable":true,"href":"https:\/\/cafecommessias.com.br\/index.php?rest_route=%2Fwp%2Fv2%2Fcategories&post=5335"},{"taxonomy":"post_tag","embeddable":true,"href":"https:\/\/cafecommessias.com.br\/index.php?rest_route=%2Fwp%2Fv2%2Ftags&post=5335"}],"curies":[{"name":"wp","href":"https:\/\/api.w.org\/{rel}","templated":true}]}}