{"id":5338,"date":"2025-11-21T06:46:55","date_gmt":"2025-11-21T09:46:55","guid":{"rendered":"https:\/\/cafecommessias.com.br\/?p=5338"},"modified":"2025-11-21T06:47:13","modified_gmt":"2025-11-21T09:47:13","slug":"ibama-acompanha-manchas-no-litoral-do-rio-grande-do-norte","status":"publish","type":"post","link":"https:\/\/cafecommessias.com.br\/?p=5338","title":{"rendered":"IBAMA acompanha manchas no litoral do Rio Grande do Norte"},"content":{"rendered":"\n<p>O Instituto Brasileiro do Meio Ambiente e dos Recursos Naturais Renov\u00e1veis (IBAMA) iniciou monitoramento de manchas observadas em diversos pontos do litoral do Rio Grande do Norte, incluindo a Praia do Meio, desde a manh\u00e3 da \u00faltima quarta-feira (19).<\/p>\n\n\n\n<p>O fen\u00f4meno tem sido registrado com maior frequ\u00eancia neste per\u00edodo do ano, e ainda n\u00e3o h\u00e1 confirma\u00e7\u00e3o sobre sua composi\u00e7\u00e3o.<\/p>\n\n\n\n<p>De longe, n\u00e3o \u00e9 poss\u00edvel determinar se as manchas s\u00e3o causadas por algas ou por res\u00edduos de \u00f3leo. A an\u00e1lise ser\u00e1 feita por especialistas, que avaliar\u00e3o o fen\u00f4meno nos pr\u00f3ximos dias.<\/p>\n\n\n\n<p>A\u00e7\u00f5es do IBAMA<br>O superintendente do \u00f3rg\u00e3o no RN, Rivaldo Fernandes, informou que o IBAMA est\u00e1 monitorando constantemente as \u00e1reas afetadas. Uma equipe de emerg\u00eancia militar ser\u00e1 enviada ao litoral j\u00e1 nesta quinta-feira para avaliar a situa\u00e7\u00e3o e tomar as medidas necess\u00e1rias.<\/p>\n\n\n\n<p>O \u00f3rg\u00e3o refor\u00e7a que a popula\u00e7\u00e3o deve evitar contato com as manchas at\u00e9 que a investiga\u00e7\u00e3o seja conclu\u00edda, como medida de precau\u00e7\u00e3o.<\/p>\n\n\n\n<p><em><sub>Por Glaucia Lima<\/sub><\/em><\/p>\n","protected":false},"excerpt":{"rendered":"<p>O Instituto Brasileiro do Meio Ambiente e dos Recursos Naturais Renov\u00e1veis (IBAMA) iniciou monitoramento de manchas observadas em diversos pontos do litoral do Rio Grande do Norte, incluindo a Praia do Meio, desde a manh\u00e3 da \u00faltima quarta-feira (19). O fen\u00f4meno tem sido registrado com maior frequ\u00eancia neste per\u00edodo do ano, e ainda n\u00e3o h\u00e1&#8230;<\/p>\n","protected":false},"author":1,"featured_media":5339,"comment_status":"open","ping_status":"closed","sticky":false,"template":"","format":"standard","meta":{"footnotes":""},"categories":[3],"tags":[],"class_list":["post-5338","post","type-post","status-publish","format-standard","has-post-thumbnail","hentry","category-geral"],"_links":{"self":[{"href":"https:\/\/cafecommessias.com.br\/index.php?rest_route=\/wp\/v2\/posts\/5338","targetHints":{"allow":["GET"]}}],"collection":[{"href":"https:\/\/cafecommessias.com.br\/index.php?rest_route=\/wp\/v2\/posts"}],"about":[{"href":"https:\/\/cafecommessias.com.br\/index.php?rest_route=\/wp\/v2\/types\/post"}],"author":[{"embeddable":true,"href":"https:\/\/cafecommessias.com.br\/index.php?rest_route=\/wp\/v2\/users\/1"}],"replies":[{"embeddable":true,"href":"https:\/\/cafecommessias.com.br\/index.php?rest_route=%2Fwp%2Fv2%2Fcomments&post=5338"}],"version-history":[{"count":1,"href":"https:\/\/cafecommessias.com.br\/index.php?rest_route=\/wp\/v2\/posts\/5338\/revisions"}],"predecessor-version":[{"id":5340,"href":"https:\/\/cafecommessias.com.br\/index.php?rest_route=\/wp\/v2\/posts\/5338\/revisions\/5340"}],"wp:featuredmedia":[{"embeddable":true,"href":"https:\/\/cafecommessias.com.br\/index.php?rest_route=\/wp\/v2\/media\/5339"}],"wp:attachment":[{"href":"https:\/\/cafecommessias.com.br\/index.php?rest_route=%2Fwp%2Fv2%2Fmedia&parent=5338"}],"wp:term":[{"taxonomy":"category","embeddable":true,"href":"https:\/\/cafecommessias.com.br\/index.php?rest_route=%2Fwp%2Fv2%2Fcategories&post=5338"},{"taxonomy":"post_tag","embeddable":true,"href":"https:\/\/cafecommessias.com.br\/index.php?rest_route=%2Fwp%2Fv2%2Ftags&post=5338"}],"curies":[{"name":"wp","href":"https:\/\/api.w.org\/{rel}","templated":true}]}}