{"id":5341,"date":"2025-11-21T06:51:09","date_gmt":"2025-11-21T09:51:09","guid":{"rendered":"https:\/\/cafecommessias.com.br\/?p=5341"},"modified":"2025-11-21T06:51:26","modified_gmt":"2025-11-21T09:51:26","slug":"eua-retiram-tarifa-de-40-sobre-carne-cafe-e-mais-produtos-brasileiros","status":"publish","type":"post","link":"https:\/\/cafecommessias.com.br\/?p=5341","title":{"rendered":"EUA retiram tarifa de 40% sobre carne, caf\u00e9 e mais produtos brasileiros"},"content":{"rendered":"\n<p>O governo dos Estados Unidos anunciou nesta quarta-feira (20) uma \u201cmodifica\u00e7\u00e3o no escopo\u201d das tarifas adicionais aplicadas a produtos brasileiros, em meio a negocia\u00e7\u00f5es em curso entre os dois pa\u00edses. A lista de produtos inclui caf\u00e9, carnes e mais produtos agr\u00edcolas.<\/p>\n\n\n\n<p>A decis\u00e3o foi formalizada por meio de uma ordem executiva assinada pelo presidente Donald Trump e publicada no site da Casa Branca.<\/p>\n\n\n\n<p>A medida altera a ordem executiva 14323, de julho de 2025, que imp\u00f4s uma tarifa adicional de 40% sobre determinados produtos brasileiros, \u201cem resposta a pol\u00edticas e pr\u00e1ticas do governo do Brasil consideradas uma amea\u00e7a \u00e0 seguran\u00e7a nacional, pol\u00edtica externa e economia dos EUA\u201d.<\/p>\n\n\n\n<p>Segundo o texto oficial, ap\u00f3s uma conversa entre Trump e o presidente brasileiro Luiz In\u00e1cio Lula da Silva em outubro, as negocia\u00e7\u00f5es para resolver as quest\u00f5es levantadas avan\u00e7aram, levando \u00e0 recomenda\u00e7\u00e3o de que alguns produtos agr\u00edcolas brasileiros sejam exclu\u00eddos da tarifa adicional. A nova lista de produtos isentos entrou em vigor a partir de 13 de novembro de 2025.<\/p>\n\n\n\n<p><strong>Produtos Brasileiros Isentos da Tarifa Adicional de 40% pelos EUA<\/strong><\/p>\n\n\n\n<figure class=\"wp-block-image size-full\"><img loading=\"lazy\" decoding=\"async\" width=\"604\" height=\"405\" src=\"https:\/\/cafecommessias.com.br\/wp-content\/uploads\/2025\/11\/t1.jpg\" alt=\"\" class=\"wp-image-5342\" srcset=\"https:\/\/cafecommessias.com.br\/wp-content\/uploads\/2025\/11\/t1.jpg 604w, https:\/\/cafecommessias.com.br\/wp-content\/uploads\/2025\/11\/t1-300x200.jpg 300w\" sizes=\"auto, (max-width: 604px) 100vw, 604px\" \/><\/figure>\n\n\n\n<figure class=\"wp-block-image size-full\"><img loading=\"lazy\" decoding=\"async\" width=\"608\" height=\"531\" src=\"https:\/\/cafecommessias.com.br\/wp-content\/uploads\/2025\/11\/t2.jpg\" alt=\"\" class=\"wp-image-5343\" srcset=\"https:\/\/cafecommessias.com.br\/wp-content\/uploads\/2025\/11\/t2.jpg 608w, https:\/\/cafecommessias.com.br\/wp-content\/uploads\/2025\/11\/t2-300x262.jpg 300w\" sizes=\"auto, (max-width: 608px) 100vw, 608px\" \/><\/figure>\n\n\n\n<p>A medida altera a ordem executiva 14.323, de julho, que imp\u00f4s uma tarifa adicional de 40% sobre determinados produtos brasileiros, \u201cem resposta a pol\u00edticas e pr\u00e1ticas do governo do Brasil consideradas uma amea\u00e7a \u00e0 seguran\u00e7a nacional, pol\u00edtica externa e economia dos EUA\u201d, segundo o governo dos EUA.<\/p>\n\n\n\n<p>De acordo com o texto oficial, ap\u00f3s uma conversa entre Trump e o presidente brasileiro Luiz In\u00e1cio Lula da Silva em outubro, as \u201cnegocia\u00e7\u00f5es para resolver as quest\u00f5es levantadas avan\u00e7aram, levando \u00e0 recomenda\u00e7\u00e3o de que alguns produtos agr\u00edcolas brasileiros sejam exclu\u00eddos da tarifa adicional\u201d.<\/p>\n\n\n\n<p>A Casa Branca diz que Marco Rubio, secret\u00e1rio de Estado dos EUA ficar\u00e1 respons\u00e1vel por monitorar a situa\u00e7\u00e3o e poder\u00e1 recomendar novas a\u00e7\u00f5es caso seja necess\u00e1rio. A ordem tamb\u00e9m autoriza diversos \u00f3rg\u00e3os do governo americano a implementar as mudan\u00e7as e garantir o cumprimento da medida.<\/p>\n\n\n\n<p><em><sub>Por InfoMoney<\/sub><\/em><\/p>\n","protected":false},"excerpt":{"rendered":"<p>O governo dos Estados Unidos anunciou nesta quarta-feira (20) uma \u201cmodifica\u00e7\u00e3o no escopo\u201d das tarifas adicionais aplicadas a produtos brasileiros, em meio a negocia\u00e7\u00f5es em curso entre os dois pa\u00edses. A lista de produtos inclui caf\u00e9, carnes e mais produtos agr\u00edcolas. A decis\u00e3o foi formalizada por meio de uma ordem executiva assinada pelo presidente Donald&#8230;<\/p>\n","protected":false},"author":1,"featured_media":5344,"comment_status":"open","ping_status":"closed","sticky":false,"template":"","format":"standard","meta":{"footnotes":""},"categories":[2],"tags":[],"class_list":["post-5341","post","type-post","status-publish","format-standard","has-post-thumbnail","hentry","category-internacional"],"_links":{"self":[{"href":"https:\/\/cafecommessias.com.br\/index.php?rest_route=\/wp\/v2\/posts\/5341","targetHints":{"allow":["GET"]}}],"collection":[{"href":"https:\/\/cafecommessias.com.br\/index.php?rest_route=\/wp\/v2\/posts"}],"about":[{"href":"https:\/\/cafecommessias.com.br\/index.php?rest_route=\/wp\/v2\/types\/post"}],"author":[{"embeddable":true,"href":"https:\/\/cafecommessias.com.br\/index.php?rest_route=\/wp\/v2\/users\/1"}],"replies":[{"embeddable":true,"href":"https:\/\/cafecommessias.com.br\/index.php?rest_route=%2Fwp%2Fv2%2Fcomments&post=5341"}],"version-history":[{"count":1,"href":"https:\/\/cafecommessias.com.br\/index.php?rest_route=\/wp\/v2\/posts\/5341\/revisions"}],"predecessor-version":[{"id":5345,"href":"https:\/\/cafecommessias.com.br\/index.php?rest_route=\/wp\/v2\/posts\/5341\/revisions\/5345"}],"wp:featuredmedia":[{"embeddable":true,"href":"https:\/\/cafecommessias.com.br\/index.php?rest_route=\/wp\/v2\/media\/5344"}],"wp:attachment":[{"href":"https:\/\/cafecommessias.com.br\/index.php?rest_route=%2Fwp%2Fv2%2Fmedia&parent=5341"}],"wp:term":[{"taxonomy":"category","embeddable":true,"href":"https:\/\/cafecommessias.com.br\/index.php?rest_route=%2Fwp%2Fv2%2Fcategories&post=5341"},{"taxonomy":"post_tag","embeddable":true,"href":"https:\/\/cafecommessias.com.br\/index.php?rest_route=%2Fwp%2Fv2%2Ftags&post=5341"}],"curies":[{"name":"wp","href":"https:\/\/api.w.org\/{rel}","templated":true}]}}