{"id":5346,"date":"2025-11-21T06:53:29","date_gmt":"2025-11-21T09:53:29","guid":{"rendered":"https:\/\/cafecommessias.com.br\/?p=5346"},"modified":"2025-11-21T06:53:42","modified_gmt":"2025-11-21T09:53:42","slug":"indicacao-de-jorge-messias-reduz-media-de-idade-do-stf","status":"publish","type":"post","link":"https:\/\/cafecommessias.com.br\/?p=5346","title":{"rendered":"Indica\u00e7\u00e3o de Jorge Messias reduz m\u00e9dia de idade do STF"},"content":{"rendered":"\n<p>A escolha de Jorge Messias para ocupar a vaga deixada por Lu\u00eds Roberto Barroso no Supremo Tribunal Federal diminuiu a m\u00e9dia de idade da Corte para 58,9 anos \u2014 antes, com Barroso, era de 60,9. Aos 45 anos, o atual advogado-geral da Uni\u00e3o poder\u00e1 se tornar o ministro mais jovem do tribunal e permanecer por quase tr\u00eas d\u00e9cadas, at\u00e9 atingir a idade m\u00e1xima de 75 anos.<\/p>\n\n\n\n<p>Nos \u00faltimos anos, a indica\u00e7\u00e3o de quadros abaixo dos 50 anos tem se tornado recorrente entre diferentes governos. Cinco dos seis \u00faltimos escolhidos por Michel Temer, Jair Bolsonaro e Lula chegaram ao STF antes de completar cinco d\u00e9cadas de vida, com exce\u00e7\u00e3o de Fl\u00e1vio Dino, nomeado aos 55. Hoje, seis dos dez ministros da Corte s\u00e3o \u201csub-50\u201d, tend\u00eancia que ganhou for\u00e7a desde a redemocratiza\u00e7\u00e3o, embora n\u00e3o seja in\u00e9dita \u2014 Dias Toffoli segue como o mais jovem nomeado nesse per\u00edodo, aos 41 anos.<\/p>\n\n\n\n<p>Messias, por\u00e9m, chega ao tribunal com uma trajet\u00f3ria marcada por cargos-chave no Executivo. Procurador de carreira, atuou no Banco Central, na Fazenda Nacional e no Minist\u00e9rio da Educa\u00e7\u00e3o durante a gest\u00e3o de Aloizio Mercadante, per\u00edodo em que se aproximou do PT. Ganhou proje\u00e7\u00e3o nacional na crise de 2016, quando seu nome apareceu na liga\u00e7\u00e3o entre Dilma Rousseff e Lula divulgada pela Lava Jato \u2014 epis\u00f3dio posteriormente classificado como ilegal pelo pr\u00f3prio STF.<\/p>\n\n\n\n<p>Ap\u00f3s atuar no Senado e integrar o grupo de transi\u00e7\u00e3o do governo Lula em 2022, Messias consolidou influ\u00eancia na Esplanada, especialmente com Rui Costa, Fernando Haddad, Gleisi Hoffmann, Esther Dweck e Paulo Teixeira. Caso tenha o nome confirmado pelo Senado, somar\u00e1 juventude ao colegiado e refor\u00e7ar\u00e1 a tend\u00eancia recente de um Supremo composto por ministros com potencial de longa perman\u00eancia no tribunal.<\/p>\n\n\n\n<p><em><sub>Por O Globo<\/sub><\/em><\/p>\n\n\n\n<p><\/p>\n","protected":false},"excerpt":{"rendered":"<p>A escolha de Jorge Messias para ocupar a vaga deixada por Lu\u00eds Roberto Barroso no Supremo Tribunal Federal diminuiu a m\u00e9dia de idade da Corte para 58,9 anos \u2014 antes, com Barroso, era de 60,9. Aos 45 anos, o atual advogado-geral da Uni\u00e3o poder\u00e1 se tornar o ministro mais jovem do tribunal e permanecer por&#8230;<\/p>\n","protected":false},"author":1,"featured_media":5347,"comment_status":"open","ping_status":"closed","sticky":false,"template":"","format":"standard","meta":{"footnotes":""},"categories":[3],"tags":[],"class_list":["post-5346","post","type-post","status-publish","format-standard","has-post-thumbnail","hentry","category-geral"],"_links":{"self":[{"href":"https:\/\/cafecommessias.com.br\/index.php?rest_route=\/wp\/v2\/posts\/5346","targetHints":{"allow":["GET"]}}],"collection":[{"href":"https:\/\/cafecommessias.com.br\/index.php?rest_route=\/wp\/v2\/posts"}],"about":[{"href":"https:\/\/cafecommessias.com.br\/index.php?rest_route=\/wp\/v2\/types\/post"}],"author":[{"embeddable":true,"href":"https:\/\/cafecommessias.com.br\/index.php?rest_route=\/wp\/v2\/users\/1"}],"replies":[{"embeddable":true,"href":"https:\/\/cafecommessias.com.br\/index.php?rest_route=%2Fwp%2Fv2%2Fcomments&post=5346"}],"version-history":[{"count":1,"href":"https:\/\/cafecommessias.com.br\/index.php?rest_route=\/wp\/v2\/posts\/5346\/revisions"}],"predecessor-version":[{"id":5348,"href":"https:\/\/cafecommessias.com.br\/index.php?rest_route=\/wp\/v2\/posts\/5346\/revisions\/5348"}],"wp:featuredmedia":[{"embeddable":true,"href":"https:\/\/cafecommessias.com.br\/index.php?rest_route=\/wp\/v2\/media\/5347"}],"wp:attachment":[{"href":"https:\/\/cafecommessias.com.br\/index.php?rest_route=%2Fwp%2Fv2%2Fmedia&parent=5346"}],"wp:term":[{"taxonomy":"category","embeddable":true,"href":"https:\/\/cafecommessias.com.br\/index.php?rest_route=%2Fwp%2Fv2%2Fcategories&post=5346"},{"taxonomy":"post_tag","embeddable":true,"href":"https:\/\/cafecommessias.com.br\/index.php?rest_route=%2Fwp%2Fv2%2Ftags&post=5346"}],"curies":[{"name":"wp","href":"https:\/\/api.w.org\/{rel}","templated":true}]}}