{"id":5350,"date":"2025-11-21T13:45:09","date_gmt":"2025-11-21T16:45:09","guid":{"rendered":"https:\/\/cafecommessias.com.br\/?p=5350"},"modified":"2025-11-21T13:45:25","modified_gmt":"2025-11-21T16:45:25","slug":"apos-incendio-na-cop-30-seis-pessoas-permanecem-internadas-por-inalacao-de-fumaca-e-crise-de-ansiedade","status":"publish","type":"post","link":"https:\/\/cafecommessias.com.br\/?p=5350","title":{"rendered":"Ap\u00f3s inc\u00eandio na COP 30, seis pessoas permanecem internadas por inala\u00e7\u00e3o de fuma\u00e7a e crise de ansiedade"},"content":{"rendered":"\n<p>No dia seguinte ap\u00f3s o inc\u00eandio na Zona Azul da COP, seis pessoas permanecem internadas nos servi\u00e7os de sa\u00fade de Bel\u00e9m, informa o governo federal. Os casos s\u00e3o relacionados \u00e0 inala\u00e7\u00e3o de fuma\u00e7a e crise de ansiedade, e n\u00e3o houve situa\u00e7\u00e3o de queimaduras. Ao todo, houve 27 atendimentos em raz\u00e3o do incidente na quinta-feira (20).<\/p>\n\n\n\n<p>No boletim enviado na manh\u00e3 desta sexta (21), o Centro Integrado de Opera\u00e7\u00f5es Conjuntas da Sa\u00fade (CIOCS), respons\u00e1vel pelo monitoramento e organiza\u00e7\u00e3o da assist\u00eancia durante a COP30, informou que, das 27 pessoas atendidas em raz\u00e3o do inc\u00eandio, 21 j\u00e1 foram liberadas. Os seis pacientes restantes est\u00e3o recebendo assist\u00eancia nos servi\u00e7os de sa\u00fade de Bel\u00e9m, em casos relacionados \u00e0 inala\u00e7\u00e3o de fuma\u00e7a e crise de ansiedade ap\u00f3s o ocorrido, segundo o informe.<\/p>\n\n\n\n<p>\u201cAs equipes de sa\u00fade municipal, estadual e federal seguem acompanhando e monitorando a assist\u00eancia e o estado de sa\u00fade dos atendidos\u201d, diz o boletim. O CIOCS \u00e9 coordenado pelo Minist\u00e9rio da Sa\u00fade em parceria com equipe do estado e do munic\u00edpio.<\/p>\n\n\n\n<p><em><sub>Por O Globo<\/sub><\/em><\/p>\n\n\n\n<p><\/p>\n","protected":false},"excerpt":{"rendered":"<p>No dia seguinte ap\u00f3s o inc\u00eandio na Zona Azul da COP, seis pessoas permanecem internadas nos servi\u00e7os de sa\u00fade de Bel\u00e9m, informa o governo federal. Os casos s\u00e3o relacionados \u00e0 inala\u00e7\u00e3o de fuma\u00e7a e crise de ansiedade, e n\u00e3o houve situa\u00e7\u00e3o de queimaduras. Ao todo, houve 27 atendimentos em raz\u00e3o do incidente na quinta-feira (20)&#8230;.<\/p>\n","protected":false},"author":1,"featured_media":5351,"comment_status":"open","ping_status":"closed","sticky":false,"template":"","format":"standard","meta":{"footnotes":""},"categories":[3],"tags":[],"class_list":["post-5350","post","type-post","status-publish","format-standard","has-post-thumbnail","hentry","category-geral"],"_links":{"self":[{"href":"https:\/\/cafecommessias.com.br\/index.php?rest_route=\/wp\/v2\/posts\/5350","targetHints":{"allow":["GET"]}}],"collection":[{"href":"https:\/\/cafecommessias.com.br\/index.php?rest_route=\/wp\/v2\/posts"}],"about":[{"href":"https:\/\/cafecommessias.com.br\/index.php?rest_route=\/wp\/v2\/types\/post"}],"author":[{"embeddable":true,"href":"https:\/\/cafecommessias.com.br\/index.php?rest_route=\/wp\/v2\/users\/1"}],"replies":[{"embeddable":true,"href":"https:\/\/cafecommessias.com.br\/index.php?rest_route=%2Fwp%2Fv2%2Fcomments&post=5350"}],"version-history":[{"count":1,"href":"https:\/\/cafecommessias.com.br\/index.php?rest_route=\/wp\/v2\/posts\/5350\/revisions"}],"predecessor-version":[{"id":5352,"href":"https:\/\/cafecommessias.com.br\/index.php?rest_route=\/wp\/v2\/posts\/5350\/revisions\/5352"}],"wp:featuredmedia":[{"embeddable":true,"href":"https:\/\/cafecommessias.com.br\/index.php?rest_route=\/wp\/v2\/media\/5351"}],"wp:attachment":[{"href":"https:\/\/cafecommessias.com.br\/index.php?rest_route=%2Fwp%2Fv2%2Fmedia&parent=5350"}],"wp:term":[{"taxonomy":"category","embeddable":true,"href":"https:\/\/cafecommessias.com.br\/index.php?rest_route=%2Fwp%2Fv2%2Fcategories&post=5350"},{"taxonomy":"post_tag","embeddable":true,"href":"https:\/\/cafecommessias.com.br\/index.php?rest_route=%2Fwp%2Fv2%2Ftags&post=5350"}],"curies":[{"name":"wp","href":"https:\/\/api.w.org\/{rel}","templated":true}]}}