{"id":5364,"date":"2025-11-21T21:49:13","date_gmt":"2025-11-22T00:49:13","guid":{"rendered":"https:\/\/cafecommessias.com.br\/?p=5364"},"modified":"2025-11-21T21:49:30","modified_gmt":"2025-11-22T00:49:30","slug":"menor-de-idade-e-apreendido-com-arma-de-fogo-em-santa-luzia-de-touros-e-conduzido-a-delegacia-de-plantao-em-joao-camara","status":"publish","type":"post","link":"https:\/\/cafecommessias.com.br\/?p=5364","title":{"rendered":"Menor de idade \u00e9 apreendido com arma de fogo em Santa Luzia de Touros e conduzido a Delegacia de Plant\u00e3o em Jo\u00e3o C\u00e2mara"},"content":{"rendered":"\n<p>Policiais militares lotados na For\u00e7a T\u00e1tica do 17\u00ba Batalh\u00e3o de Pol\u00edcia Militar, quando realizavam patrulhamento ostensivo pelas ruas da comunidade de Puna\u00fa, no munic\u00edpio de Rio do Fogo, na tarde desta quinta-feira (20), foram informados por um cidad\u00e3o que transitava em um ve\u00edculo que, mais \u00e0 frente, na comunidade de Santa Luzia, j\u00e1 no munic\u00edpio de Touros, haveria um indiv\u00edduo comercializando entorpecentes em determinada localidade pr\u00f3xima dali.<\/p>\n\n\n\n<p>A equipe da For\u00e7a T\u00e1tica tentou entrar em contato com os policiais da cidade de Touros, por\u00e9m, devido \u00e0 regi\u00e3o ser \u00e1rea de sombra, n\u00e3o foi poss\u00edvel estabelecer comunica\u00e7\u00e3o com a viatura local.<\/p>\n\n\n\n<p>Diante da urg\u00eancia da situa\u00e7\u00e3o, a equipe deslocou-se at\u00e9 o ponto indicado, onde localizou um indiv\u00edduo com as mesmas caracter\u00edsticas repassadas, realizando imediatamente a abordagem.<\/p>\n\n\n\n<p>Durante a abordagem, os policiais encontraram uma arma de fogo (um rev\u00f3lver) calibre .38, com 8 muni\u00e7\u00f5es e com a numera\u00e7\u00e3o raspada. Diante do flagrante, a equipe da For\u00e7a T\u00e1tica conduziu o adolescente at\u00e9 a Delegacia de Plant\u00e3o de Jo\u00e3o C\u00e2mara, para a ado\u00e7\u00e3o das medidas cab\u00edveis.<\/p>\n\n\n\n<p><em><sub>Fonte:\u00a0PMRN<\/sub><\/em><\/p>\n","protected":false},"excerpt":{"rendered":"<p>Policiais militares lotados na For\u00e7a T\u00e1tica do 17\u00ba Batalh\u00e3o de Pol\u00edcia Militar, quando realizavam patrulhamento ostensivo pelas ruas da comunidade de Puna\u00fa, no munic\u00edpio de Rio do Fogo, na tarde desta quinta-feira (20), foram informados por um cidad\u00e3o que transitava em um ve\u00edculo que, mais \u00e0 frente, na comunidade de Santa Luzia, j\u00e1 no munic\u00edpio&#8230;<\/p>\n","protected":false},"author":1,"featured_media":5365,"comment_status":"open","ping_status":"closed","sticky":false,"template":"","format":"standard","meta":{"footnotes":""},"categories":[5],"tags":[],"class_list":["post-5364","post","type-post","status-publish","format-standard","has-post-thumbnail","hentry","category-policia"],"_links":{"self":[{"href":"https:\/\/cafecommessias.com.br\/index.php?rest_route=\/wp\/v2\/posts\/5364","targetHints":{"allow":["GET"]}}],"collection":[{"href":"https:\/\/cafecommessias.com.br\/index.php?rest_route=\/wp\/v2\/posts"}],"about":[{"href":"https:\/\/cafecommessias.com.br\/index.php?rest_route=\/wp\/v2\/types\/post"}],"author":[{"embeddable":true,"href":"https:\/\/cafecommessias.com.br\/index.php?rest_route=\/wp\/v2\/users\/1"}],"replies":[{"embeddable":true,"href":"https:\/\/cafecommessias.com.br\/index.php?rest_route=%2Fwp%2Fv2%2Fcomments&post=5364"}],"version-history":[{"count":1,"href":"https:\/\/cafecommessias.com.br\/index.php?rest_route=\/wp\/v2\/posts\/5364\/revisions"}],"predecessor-version":[{"id":5366,"href":"https:\/\/cafecommessias.com.br\/index.php?rest_route=\/wp\/v2\/posts\/5364\/revisions\/5366"}],"wp:featuredmedia":[{"embeddable":true,"href":"https:\/\/cafecommessias.com.br\/index.php?rest_route=\/wp\/v2\/media\/5365"}],"wp:attachment":[{"href":"https:\/\/cafecommessias.com.br\/index.php?rest_route=%2Fwp%2Fv2%2Fmedia&parent=5364"}],"wp:term":[{"taxonomy":"category","embeddable":true,"href":"https:\/\/cafecommessias.com.br\/index.php?rest_route=%2Fwp%2Fv2%2Fcategories&post=5364"},{"taxonomy":"post_tag","embeddable":true,"href":"https:\/\/cafecommessias.com.br\/index.php?rest_route=%2Fwp%2Fv2%2Ftags&post=5364"}],"curies":[{"name":"wp","href":"https:\/\/api.w.org\/{rel}","templated":true}]}}