{"id":5389,"date":"2025-11-22T13:09:07","date_gmt":"2025-11-22T16:09:07","guid":{"rendered":"https:\/\/cafecommessias.com.br\/?p=5389"},"modified":"2025-11-22T13:09:25","modified_gmt":"2025-11-22T16:09:25","slug":"rogerio-marinho-critica-prisao-de-bolsonaro-e-acusa-violacao-do-estado-de-direito","status":"publish","type":"post","link":"https:\/\/cafecommessias.com.br\/?p=5389","title":{"rendered":"Rog\u00e9rio Marinho critica pris\u00e3o de Bolsonaro e acusa viola\u00e7\u00e3o do Estado de Direito"},"content":{"rendered":"\n<p>O senador Rog\u00e9rio Marinho (PL-RN), l\u00edder da oposi\u00e7\u00e3o no Senado, divulgou neste s\u00e1bado uma nota p\u00fablica na qual critica a decis\u00e3o judicial que determinou a pris\u00e3o do ex-presidente Jair Bolsonaro. Para Marinho, a medida \u201cultrapassa limites constitucionais\u201d e representa uma amea\u00e7a ao Estado de Direito.<\/p>\n\n\n\n<p>Na nota, o senador afirma que a pris\u00e3o teria sido decretada com base em uma \u201cl\u00f3gica de culpa por associa\u00e7\u00e3o\u201d, sem provas concretas que indiquem ato criminoso do ex-presidente. Ele acusa o Judici\u00e1rio de usar conceitos \u201cvagos\u201d, como \u201crisco democr\u00e1tico\u201d e \u201cabalo institucional\u201d, para justificar a medida, em desacordo com os crit\u00e9rios objetivos previstos no C\u00f3digo de Processo Penal.<\/p>\n\n\n\n<p>Marinho tamb\u00e9m questiona a imparcialidade do processo, dizendo que manifesta\u00e7\u00f5es anteriores de autoridades judiciais indicariam \u201cpr\u00e9-julgamento\u201d. Segundo ele, a decis\u00e3o caracterizaria um \u201cDireito Penal do Inimigo\u201d, no qual a puni\u00e7\u00e3o recai sobre a pessoa, e n\u00e3o sobre condutas comprovadas.<\/p>\n\n\n\n<p>O senador declarou ainda que a pris\u00e3o tem car\u00e1ter pol\u00edtico e representa uma distor\u00e7\u00e3o das garantias fundamentais. Para ele, medidas desse tipo abrem precedentes perigosos:&nbsp;\u201cQuando o Direito \u00e9 moldado para atingir um advers\u00e1rio pol\u00edtico, deixa de proteger toda a sociedade\u201d, afirmou.&nbsp;Marinho encerra a nota afirmando que v\u00ea na decis\u00e3o um \u201cabuso\u201d e uma \u201camea\u00e7a institucional\u201d.<\/p>\n\n\n\n<p>Leia a \u00edntegra da nota:<\/p>\n\n\n\n<p><strong><em>NOTA P\u00daBLICA<\/em><\/strong><\/p>\n\n\n\n<p><em>A decis\u00e3o que determinou a pris\u00e3o do ex-presidente Jair Bolsonaro ultrapassa limites constitucionais e amea\u00e7a pilares essenciais do Estado de Direito. Em vez de se apoiar em fatos e provas, adota uma l\u00f3gica de culpa por associa\u00e7\u00e3o, atribuindo responsabilidade criminal por v\u00ednculos familiares \u2014 pr\u00e1tica vedada pela Constitui\u00e7\u00e3o e incompat\u00edvel com qualquer sistema jur\u00eddico democr\u00e1tico.<\/em><\/p>\n\n\n\n<p><em>A pris\u00e3o decretada tem car\u00e1ter nitidamente punitivo, antecipando pena sem demonstra\u00e7\u00e3o concreta de ato t\u00edpico, il\u00edcito ou doloso. Conceitos vagos como \u201crisco democr\u00e1tico\u201d e \u201cabalo institucional\u201d substituem exig\u00eancias objetivas do artigo 312 do CPP, em contradi\u00e7\u00e3o com a pr\u00f3pria jurisprud\u00eancia do STF.<\/em><\/p>\n\n\n\n<p><em>A imparcialidade objetiva, fundamento do juiz natural, \u00e9 comprometida por manifesta\u00e7\u00f5es anteriores que indicam pr\u00e9-julgamento. A presun\u00e7\u00e3o de inoc\u00eancia \u00e9 invertida, e o processo passa a validar uma narrativa j\u00e1 estabelecida, n\u00e3o a esclarecer fatos.<\/em><\/p>\n\n\n\n<p><em>Trata-se, na pr\u00e1tica, da ado\u00e7\u00e3o de um Direito Penal do Inimigo, em que n\u00e3o se julga a conduta, mas a pessoa. Esse modelo corr\u00f3i garantias fundamentais e amea\u00e7a todos os cidad\u00e3os, n\u00e3o apenas o investigado.<\/em><\/p>\n\n\n\n<p><em>O alerta aqui \u00e9 institucional e hist\u00f3rico: quando o Direito \u00e9 moldado para atingir um advers\u00e1rio pol\u00edtico, deixa de proteger toda a sociedade. E quando a lei deixa de conter abusos, ela se converte em instrumento do pr\u00f3prio abuso.<\/em><\/p>\n\n\n\n<p><strong><em>ROG\u00c9RIO MARINHO<\/em><\/strong><br><strong><em>Senador da Rep\u00fablica (PL-RN)<\/em><\/strong><br><strong><em>L\u00edder da Oposi\u00e7\u00e3o no Senado<\/em><\/strong><\/p>\n","protected":false},"excerpt":{"rendered":"<p>O senador Rog\u00e9rio Marinho (PL-RN), l\u00edder da oposi\u00e7\u00e3o no Senado, divulgou neste s\u00e1bado uma nota p\u00fablica na qual critica a decis\u00e3o judicial que determinou a pris\u00e3o do ex-presidente Jair Bolsonaro. Para Marinho, a medida \u201cultrapassa limites constitucionais\u201d e representa uma amea\u00e7a ao Estado de Direito. Na nota, o senador afirma que a pris\u00e3o teria sido&#8230;<\/p>\n","protected":false},"author":1,"featured_media":5390,"comment_status":"open","ping_status":"closed","sticky":false,"template":"","format":"standard","meta":{"footnotes":""},"categories":[3],"tags":[],"class_list":["post-5389","post","type-post","status-publish","format-standard","has-post-thumbnail","hentry","category-geral"],"_links":{"self":[{"href":"https:\/\/cafecommessias.com.br\/index.php?rest_route=\/wp\/v2\/posts\/5389","targetHints":{"allow":["GET"]}}],"collection":[{"href":"https:\/\/cafecommessias.com.br\/index.php?rest_route=\/wp\/v2\/posts"}],"about":[{"href":"https:\/\/cafecommessias.com.br\/index.php?rest_route=\/wp\/v2\/types\/post"}],"author":[{"embeddable":true,"href":"https:\/\/cafecommessias.com.br\/index.php?rest_route=\/wp\/v2\/users\/1"}],"replies":[{"embeddable":true,"href":"https:\/\/cafecommessias.com.br\/index.php?rest_route=%2Fwp%2Fv2%2Fcomments&post=5389"}],"version-history":[{"count":1,"href":"https:\/\/cafecommessias.com.br\/index.php?rest_route=\/wp\/v2\/posts\/5389\/revisions"}],"predecessor-version":[{"id":5391,"href":"https:\/\/cafecommessias.com.br\/index.php?rest_route=\/wp\/v2\/posts\/5389\/revisions\/5391"}],"wp:featuredmedia":[{"embeddable":true,"href":"https:\/\/cafecommessias.com.br\/index.php?rest_route=\/wp\/v2\/media\/5390"}],"wp:attachment":[{"href":"https:\/\/cafecommessias.com.br\/index.php?rest_route=%2Fwp%2Fv2%2Fmedia&parent=5389"}],"wp:term":[{"taxonomy":"category","embeddable":true,"href":"https:\/\/cafecommessias.com.br\/index.php?rest_route=%2Fwp%2Fv2%2Fcategories&post=5389"},{"taxonomy":"post_tag","embeddable":true,"href":"https:\/\/cafecommessias.com.br\/index.php?rest_route=%2Fwp%2Fv2%2Ftags&post=5389"}],"curies":[{"name":"wp","href":"https:\/\/api.w.org\/{rel}","templated":true}]}}