{"id":5399,"date":"2025-11-22T17:50:10","date_gmt":"2025-11-22T20:50:10","guid":{"rendered":"https:\/\/cafecommessias.com.br\/?p=5399"},"modified":"2025-11-22T17:53:26","modified_gmt":"2025-11-22T20:53:26","slug":"loja-maconica-de-joao-camara-realiza-sessao-magna-em-comemoracao-ao-aniversario-da-instituicao-na-camara-municipal","status":"publish","type":"post","link":"https:\/\/cafecommessias.com.br\/?p=5399","title":{"rendered":"Loja Ma\u00e7\u00f4nica de Jo\u00e3o C\u00e2mara realiza sess\u00e3o magna em comemora\u00e7\u00e3o ao anivers\u00e1rio da institui\u00e7\u00e3o na C\u00e2mara Municipal"},"content":{"rendered":"\n<p>A Loja Ma\u00e7\u00f4nica Senador Jo\u00e3o C\u00e2mara realizou, na manh\u00e3 deste s\u00e1bado (22), uma sess\u00e3o magna especial na C\u00e2mara Municipal em celebra\u00e7\u00e3o ao anivers\u00e1rio da institui\u00e7\u00e3o. O encontro reuniu membros da ma\u00e7onaria, autoridades convidadas e representantes de lojas coirm\u00e3s de diversas cidades da regi\u00e3o.<\/p>\n\n\n\n<p>A solenidade marcou mais um cap\u00edtulo na trajet\u00f3ria da loja, reconhecida no munic\u00edpio pelo seu hist\u00f3rico de a\u00e7\u00f5es sociais e pela defesa dos valores ma\u00e7\u00f4nicos de fraternidade, justi\u00e7a e solidariedade.<\/p>\n\n\n\n<p>Durante a cerim\u00f4nia, foram relembradas conquistas alcan\u00e7adas ao longo dos anos e refor\u00e7ada a import\u00e2ncia da ma\u00e7onaria no desenvolvimento de iniciativas beneficentes voltadas \u00e0 comunidade.<\/p>\n\n\n\n<figure class=\"wp-block-image size-full\"><img loading=\"lazy\" decoding=\"async\" width=\"747\" height=\"419\" src=\"https:\/\/cafecommessias.com.br\/wp-content\/uploads\/2025\/11\/screenshot-1763833722807.jpg\" alt=\"\" class=\"wp-image-5400\" srcset=\"https:\/\/cafecommessias.com.br\/wp-content\/uploads\/2025\/11\/screenshot-1763833722807.jpg 747w, https:\/\/cafecommessias.com.br\/wp-content\/uploads\/2025\/11\/screenshot-1763833722807-300x168.jpg 300w\" sizes=\"auto, (max-width: 747px) 100vw, 747px\" \/><\/figure>\n\n\n\n<p class=\"has-text-align-center\"><strong><em><sub>Foto: blogdojadson.com.br<\/sub><\/em><\/strong><\/p>\n\n\n\n<p>Integrantes destacaram ainda o papel da institui\u00e7\u00e3o na promo\u00e7\u00e3o de princ\u00edpios \u00e9ticos e na forma\u00e7\u00e3o de cidad\u00e3os comprometidos com o bem comum. A sess\u00e3o foi encerrada com agradecimentos aos participantes e com o compromisso de continuidade do trabalho social realizado pela loja no munic\u00edpio e na regi\u00e3o.<\/p>\n\n\n\n<figure class=\"wp-block-image size-full\"><img loading=\"lazy\" decoding=\"async\" width=\"744\" height=\"368\" src=\"https:\/\/cafecommessias.com.br\/wp-content\/uploads\/2025\/11\/screenshot-1763833781631.jpg\" alt=\"\" class=\"wp-image-5401\" srcset=\"https:\/\/cafecommessias.com.br\/wp-content\/uploads\/2025\/11\/screenshot-1763833781631.jpg 744w, https:\/\/cafecommessias.com.br\/wp-content\/uploads\/2025\/11\/screenshot-1763833781631-300x148.jpg 300w\" sizes=\"auto, (max-width: 744px) 100vw, 744px\" \/><\/figure>\n\n\n\n<p class=\"has-text-align-center\"><em><sub>Foto: blogdojadson.com.br<\/sub><\/em><\/p>\n\n\n\n<p><sub><em>Foto: blogdojadson.com.br<\/em><\/sub><\/p>\n\n\n\n<p><\/p>\n","protected":false},"excerpt":{"rendered":"<p>A Loja Ma\u00e7\u00f4nica Senador Jo\u00e3o C\u00e2mara realizou, na manh\u00e3 deste s\u00e1bado (22), uma sess\u00e3o magna especial na C\u00e2mara Municipal em celebra\u00e7\u00e3o ao anivers\u00e1rio da institui\u00e7\u00e3o. O encontro reuniu membros da ma\u00e7onaria, autoridades convidadas e representantes de lojas coirm\u00e3s de diversas cidades da regi\u00e3o. A solenidade marcou mais um cap\u00edtulo na trajet\u00f3ria da loja, reconhecida no&#8230;<\/p>\n","protected":false},"author":1,"featured_media":5402,"comment_status":"open","ping_status":"closed","sticky":false,"template":"","format":"standard","meta":{"footnotes":""},"categories":[3],"tags":[],"class_list":["post-5399","post","type-post","status-publish","format-standard","has-post-thumbnail","hentry","category-geral"],"_links":{"self":[{"href":"https:\/\/cafecommessias.com.br\/index.php?rest_route=\/wp\/v2\/posts\/5399","targetHints":{"allow":["GET"]}}],"collection":[{"href":"https:\/\/cafecommessias.com.br\/index.php?rest_route=\/wp\/v2\/posts"}],"about":[{"href":"https:\/\/cafecommessias.com.br\/index.php?rest_route=\/wp\/v2\/types\/post"}],"author":[{"embeddable":true,"href":"https:\/\/cafecommessias.com.br\/index.php?rest_route=\/wp\/v2\/users\/1"}],"replies":[{"embeddable":true,"href":"https:\/\/cafecommessias.com.br\/index.php?rest_route=%2Fwp%2Fv2%2Fcomments&post=5399"}],"version-history":[{"count":1,"href":"https:\/\/cafecommessias.com.br\/index.php?rest_route=\/wp\/v2\/posts\/5399\/revisions"}],"predecessor-version":[{"id":5403,"href":"https:\/\/cafecommessias.com.br\/index.php?rest_route=\/wp\/v2\/posts\/5399\/revisions\/5403"}],"wp:featuredmedia":[{"embeddable":true,"href":"https:\/\/cafecommessias.com.br\/index.php?rest_route=\/wp\/v2\/media\/5402"}],"wp:attachment":[{"href":"https:\/\/cafecommessias.com.br\/index.php?rest_route=%2Fwp%2Fv2%2Fmedia&parent=5399"}],"wp:term":[{"taxonomy":"category","embeddable":true,"href":"https:\/\/cafecommessias.com.br\/index.php?rest_route=%2Fwp%2Fv2%2Fcategories&post=5399"},{"taxonomy":"post_tag","embeddable":true,"href":"https:\/\/cafecommessias.com.br\/index.php?rest_route=%2Fwp%2Fv2%2Ftags&post=5399"}],"curies":[{"name":"wp","href":"https:\/\/api.w.org\/{rel}","templated":true}]}}