{"id":5410,"date":"2025-11-22T18:15:59","date_gmt":"2025-11-22T21:15:59","guid":{"rendered":"https:\/\/cafecommessias.com.br\/?p=5410"},"modified":"2025-11-22T18:20:43","modified_gmt":"2025-11-22T21:20:43","slug":"abc-e-america-enfrentam-novos-desafios-em-processos-trabalhistas","status":"publish","type":"post","link":"https:\/\/cafecommessias.com.br\/?p=5410","title":{"rendered":"ABC e Am\u00e9rica enfrentam novos desafios em processos trabalhistas"},"content":{"rendered":"\n<p>O presidente do ABC, Eduardo Machado, comentou nesta semana sobre as novas a\u00e7\u00f5es trabalhistas protocoladas no Tribunal Regional do Trabalho do Rio Grande do Norte (TRT-RN) e apresentou detalhes do planejamento institucional do clube. Mesmo em meio ao processo de recupera\u00e7\u00e3o judicial, o dirigente garantiu que a situa\u00e7\u00e3o est\u00e1 sob controle e que a diretoria trabalha com um plano realista, voltado ao retorno \u00e0 S\u00e9rie C do Campeonato Brasileiro em 2026. J\u00e1 o Am\u00e9rica trava uma batalha para conseguir quitar um acordo de mais de R$ 400 mil firmado com o ex-treinador Thiago Carvalho.<\/p>\n\n\n\n<p>Segundo Machado, doze novas a\u00e7\u00f5es trabalhistas foram registradas recentemente contra o ABC. Dessas, apenas duas dizem respeito \u00e0 atual gest\u00e3o: os casos dos atletas Ytalo e Jefferson. As demais est\u00e3o relacionadas a contratos de administra\u00e7\u00f5es anteriores. Entre os processos de maior valor merecem destaque os de Vandeilton Galdino Vieira (R$ 678.997,54), Pedro Felipe dos Santos Santana (R$ 201.525,98), Ytalo Jos\u00e9 Oliveira dos Santos (R$ 194.385,76), Jonydei Matos de Menezes Junior (R$ 178.195,20), Diego Jardel Koester (R$ 138.580,08) e Jefferson de Jesus Santos (R$ 65.154,40). Al\u00e9m disso, h\u00e1 uma execu\u00e7\u00e3o fiscal da Uni\u00e3o Federal no montante de R$ 312.810,69.<\/p>\n\n\n\n<figure class=\"wp-block-image size-large\"><img loading=\"lazy\" decoding=\"async\" width=\"1024\" height=\"683\" src=\"https:\/\/cafecommessias.com.br\/wp-content\/uploads\/2025\/11\/20251123_20ES1_FT_ADRIANO-ABREU-1260x840-1-1024x683.webp\" alt=\"\" class=\"wp-image-5411\" srcset=\"https:\/\/cafecommessias.com.br\/wp-content\/uploads\/2025\/11\/20251123_20ES1_FT_ADRIANO-ABREU-1260x840-1-1024x683.webp 1024w, https:\/\/cafecommessias.com.br\/wp-content\/uploads\/2025\/11\/20251123_20ES1_FT_ADRIANO-ABREU-1260x840-1-300x200.webp 300w, https:\/\/cafecommessias.com.br\/wp-content\/uploads\/2025\/11\/20251123_20ES1_FT_ADRIANO-ABREU-1260x840-1-768x512.webp 768w, https:\/\/cafecommessias.com.br\/wp-content\/uploads\/2025\/11\/20251123_20ES1_FT_ADRIANO-ABREU-1260x840-1-600x400.webp 600w, https:\/\/cafecommessias.com.br\/wp-content\/uploads\/2025\/11\/20251123_20ES1_FT_ADRIANO-ABREU-1260x840-1.webp 1260w\" sizes=\"auto, (max-width: 1024px) 100vw, 1024px\" \/><\/figure>\n\n\n\n<p><sub>O presidente do ABC, Eduardo Machado falou sobre processos | Foto: ADRIANO ABREU<\/sub><\/p>\n\n\n\n<p>O presidente ressaltou que qualquer cr\u00e9dito a ser pago precisa seguir o tr\u00e2mite legal da recupera\u00e7\u00e3o judicial em curso no clube. \u201cExistem cr\u00e9ditos cobrados que, mesmo se o clube tivesse dinheiro em caixa, n\u00e3o poderiam ser quitados de imediato. Isso ser\u00e1 discutido na Assembleia de Credores\u201d, explicou. Apesar das limita\u00e7\u00f5es financeiras, Machado destacou que o ABC conseguiu estruturar um or\u00e7amento s\u00f3lido para a pr\u00f3xima temporada, quando disputar\u00e1 o Campeonato Potiguar, a Copa do Nordeste, a Copa do Brasil e a S\u00e9rie D.<\/p>\n\n\n\n<p>As receitas totais devem variar entre R$ 3,5 milh\u00f5es e R$ 5 milh\u00f5es, a depender do desempenho esportivo. O dirigente lembrou que, embora o clube tenha perdido a cota da S\u00e9rie C, assegurou a participa\u00e7\u00e3o na Copa do Nordeste, cuja premia\u00e7\u00e3o \u00e9 superior. A folha salarial do elenco deve oscilar entre R$ 500 mil e R$ 600 mil mensais, podendo crescer conforme o time avance nas competi\u00e7\u00f5es.<\/p>\n\n\n\n<p>Diante de todos os obst\u00e1culos, Eduardo Machado enfatizou que o momento \u00e9 de reconstru\u00e7\u00e3o e equil\u00edbrio. \u201cTemos consci\u00eancia dos desafios, mas tamb\u00e9m do potencial do ABC. A base est\u00e1 sendo reconstru\u00edda com planejamento e responsabilidade. Nosso foco \u00e9 voltar \u00e0 S\u00e9rie C e restabelecer a for\u00e7a do clube\u201d, concluiu.<\/p>\n\n\n\n<p><strong>Am\u00e9rica<\/strong><\/p>\n\n\n\n<p>Enquanto isso, no Am\u00e9rica, a \u00fanica a\u00e7\u00e3o em tramita\u00e7\u00e3o sob responsabilidade da SAF est\u00e1 relacionada ao ex-treinador Thiago Carvalho. Na a\u00e7\u00e3o trabalhista, o profissional ingressou na Justi\u00e7a pleiteando o pagamento de aproximadamente R$ 393 mil referentes a acertos rescis\u00f3rios nunca quitados pelo clube potiguar.<\/p>\n\n\n\n<p>Segundo os documentos do processo n\u00ba 0001163-31.2025.5.21.0001, Thiago foi contratado em abril de 2023 para comandar a equipe profissional do Am\u00e9rica, com sal\u00e1rio mensal de R$ 80 mil (sendo 60% na carteira e 40% como direitos de imagem). No entanto, sua passagem pelo clube durou apenas tr\u00eas meses, sendo demitido em julho do mesmo ano.<\/p>\n\n\n\n<p>Na \u00e9poca da demiss\u00e3o, as partes firmaram um acordo para quita\u00e7\u00e3o do acerto rescis\u00f3rio no valor l\u00edquido de R$ 443.765,00, a ser pago em 18 parcelas. Al\u00e9m disso, foi estabelecido outro parcelamento para o direito de imagem no montante de R$ 78.961,67 em 17 parcelas. O problema come\u00e7ou quando o clube n\u00e3o honrou os pagamentos acordados. Apenas a primeira parcela foi quitada dentro do prazo, iniciando uma longa saga de cobran\u00e7as por parte do t\u00e9cnico e sua comiss\u00e3o t\u00e9cnica.<\/p>\n\n\n\n<p>Em julho de 2024, numa tentativa de resolver a quest\u00e3o, o Am\u00e9rica S.A.F. assumiu a d\u00edvida e prop\u00f4s um novo parcelamento. Por\u00e9m, segundo a a\u00e7\u00e3o, mesmo com este novo acordo, seis parcelas permanecem em aberto at\u00e9 o momento.<\/p>\n\n\n\n<p>\u201cNossos clientes j\u00e1 tentaram de todas as formas resolver essa quest\u00e3o amigavelmente. Enviamos diversas notifica\u00e7\u00f5es extrajudiciais, mas infelizmente o clube n\u00e3o cumpriu o acordado\u201d, explicou um dos advogados de Thiago.<\/p>\n\n\n\n<p>O processo judicial detalha que, conforme cl\u00e1usula dos acordos firmados, em caso de descumprimento, o valor total deveria ser pago integralmente com multa de 10% e juros de 1% ao m\u00eas. Al\u00e9m dos valores dos acordos n\u00e3o pagos, o t\u00e9cnico reivindica o recolhimento do FGTS referente ao per\u00edodo trabalhado, multas legais por n\u00e3o pagamento das verbas rescis\u00f3rias dentro do prazo legal, e uma indeniza\u00e7\u00e3o por danos morais no valor de R$ 50 mil.<\/p>\n\n\n\n<p>\u201cA situa\u00e7\u00e3o \u00e9 grave pois esses valores s\u00e3o essenciais para o sustento do meu cliente e sua fam\u00edlia. O n\u00e3o pagamento das verbas rescis\u00f3rias dentro do prazo legal afeta diretamente a dignidade do trabalhador\u201d, destacou a defesa na peti\u00e7\u00e3o inicial.<\/p>\n\n\n\n<p>No \u00faltimo dia 10 de novembro, a Justi\u00e7a do Trabalho realizou uma audi\u00eancia, onde as partes puderam apresentar suas vers\u00f5es dos fatos. O Am\u00e9rica Futebol Clube e o Am\u00e9rica S.A.F. foram notificados para comparecerem \u00e0 audi\u00eancia virtual e apresentarem defesa no processo.<\/p>\n\n\n\n<p><strong>N\u00daMEROS<\/strong><\/p>\n\n\n\n<p>678<br>mil reais \u00e9 o processo de maior valor enfrentado pelo ABC na Justi\u00e7a<\/p>\n\n\n\n<p>400<br>mil reais \u00e9 o que pede o t\u00e9cnico Thiago Carvalho como rescis\u00e3o no Am\u00e9rica<\/p>\n\n\n\n<p class=\"has-text-align-center\"><strong><em>PUBLICIDADE<\/em><\/strong><\/p>\n\n\n\n<figure class=\"wp-block-image size-full\"><img loading=\"lazy\" decoding=\"async\" width=\"970\" height=\"250\" src=\"https:\/\/cafecommessias.com.br\/wp-content\/uploads\/2025\/11\/Banner-ITIV-970x250px-2.gif\" alt=\"\" class=\"wp-image-5356\"\/><\/figure>\n","protected":false},"excerpt":{"rendered":"<p>O presidente do ABC, Eduardo Machado, comentou nesta semana sobre as novas a\u00e7\u00f5es trabalhistas protocoladas no Tribunal Regional do Trabalho do Rio Grande do Norte (TRT-RN) e apresentou detalhes do planejamento institucional do clube. Mesmo em meio ao processo de recupera\u00e7\u00e3o judicial, o dirigente garantiu que a situa\u00e7\u00e3o est\u00e1 sob controle e que a diretoria&#8230;<\/p>\n","protected":false},"author":1,"featured_media":5412,"comment_status":"open","ping_status":"closed","sticky":false,"template":"","format":"standard","meta":{"footnotes":""},"categories":[20],"tags":[],"class_list":["post-5410","post","type-post","status-publish","format-standard","has-post-thumbnail","hentry","category-esporte"],"_links":{"self":[{"href":"https:\/\/cafecommessias.com.br\/index.php?rest_route=\/wp\/v2\/posts\/5410","targetHints":{"allow":["GET"]}}],"collection":[{"href":"https:\/\/cafecommessias.com.br\/index.php?rest_route=\/wp\/v2\/posts"}],"about":[{"href":"https:\/\/cafecommessias.com.br\/index.php?rest_route=\/wp\/v2\/types\/post"}],"author":[{"embeddable":true,"href":"https:\/\/cafecommessias.com.br\/index.php?rest_route=\/wp\/v2\/users\/1"}],"replies":[{"embeddable":true,"href":"https:\/\/cafecommessias.com.br\/index.php?rest_route=%2Fwp%2Fv2%2Fcomments&post=5410"}],"version-history":[{"count":2,"href":"https:\/\/cafecommessias.com.br\/index.php?rest_route=\/wp\/v2\/posts\/5410\/revisions"}],"predecessor-version":[{"id":5416,"href":"https:\/\/cafecommessias.com.br\/index.php?rest_route=\/wp\/v2\/posts\/5410\/revisions\/5416"}],"wp:featuredmedia":[{"embeddable":true,"href":"https:\/\/cafecommessias.com.br\/index.php?rest_route=\/wp\/v2\/media\/5412"}],"wp:attachment":[{"href":"https:\/\/cafecommessias.com.br\/index.php?rest_route=%2Fwp%2Fv2%2Fmedia&parent=5410"}],"wp:term":[{"taxonomy":"category","embeddable":true,"href":"https:\/\/cafecommessias.com.br\/index.php?rest_route=%2Fwp%2Fv2%2Fcategories&post=5410"},{"taxonomy":"post_tag","embeddable":true,"href":"https:\/\/cafecommessias.com.br\/index.php?rest_route=%2Fwp%2Fv2%2Ftags&post=5410"}],"curies":[{"name":"wp","href":"https:\/\/api.w.org\/{rel}","templated":true}]}}