{"id":542,"date":"2025-07-14T12:43:49","date_gmt":"2025-07-14T15:43:49","guid":{"rendered":"http:\/\/cafecommessias.com.br\/?p=542"},"modified":"2025-07-14T12:44:04","modified_gmt":"2025-07-14T15:44:04","slug":"municipios-do-rn-terao-tv-analogica-desligada-ate-30-de-dezembro-veja-lista","status":"publish","type":"post","link":"https:\/\/cafecommessias.com.br\/?p=542","title":{"rendered":"Munic\u00edpios do RN ter\u00e3o TV anal\u00f3gica desligada at\u00e9 30 de dezembro; veja lista"},"content":{"rendered":"\n<p>O Minist\u00e9rio das Comunica\u00e7\u00f5es publicou nesta segunda-feira (14) uma portaria com a lista de munic\u00edpios que ter\u00e3o o sinal da TV anal\u00f3gica desligado at\u00e9 30 de dezembro deste ano. Ao todo, 10 munic\u00edpios do Rio Grande do Norte foram contemplados pela norma. As informa\u00e7\u00f5es foram publicadas no Di\u00e1rio Oficial da Uni\u00e3o.<\/p>\n\n\n\n<figure class=\"wp-block-image size-large\"><img loading=\"lazy\" decoding=\"async\" width=\"1024\" height=\"158\" src=\"http:\/\/cafecommessias.com.br\/wp-content\/uploads\/2025\/07\/Banner-REFIS-1300x200px-PRORROGADO-8-1024x158.gif\" alt=\"\" class=\"wp-image-539\" srcset=\"https:\/\/cafecommessias.com.br\/wp-content\/uploads\/2025\/07\/Banner-REFIS-1300x200px-PRORROGADO-8-1024x158.gif 1024w, https:\/\/cafecommessias.com.br\/wp-content\/uploads\/2025\/07\/Banner-REFIS-1300x200px-PRORROGADO-8-300x46.gif 300w, https:\/\/cafecommessias.com.br\/wp-content\/uploads\/2025\/07\/Banner-REFIS-1300x200px-PRORROGADO-8-768x118.gif 768w\" sizes=\"auto, (max-width: 1024px) 100vw, 1024px\" \/><\/figure>\n\n\n\n<p>De acordo com a portaria, as emissoras de r\u00e1dio ou TV que receberam autoriza\u00e7\u00e3o do governo para funcionar (as chamadas entidades outorgadas) e que ainda n\u00e3o t\u00eam o canal digital definido t\u00eam at\u00e9 o pr\u00f3ximo dia 30 de setembro para informar se querem continuar transmitindo em tecnologia digital.<\/p>\n\n\n\n<p>Est\u00e3o na lista de munic\u00edpios potiguares com previs\u00e3o de desligamento do sinal anal\u00f3gico at\u00e9 o fim do ano A\u00e7u, Apodi, Caic\u00f3, Cara\u00fabas, Ita\u00fa, Lagoa Nova, Nova Cruz, Pau dos Ferros, S\u00e3o Miguel e S\u00e3o Paulo do Potengi.<\/p>\n\n\n\n<p>No Brasil, vale lembrar, o cronograma de transi\u00e7\u00e3o da transmiss\u00e3o anal\u00f3gica dos servi\u00e7os de radiodifus\u00e3o de sons e imagens e de retransmiss\u00e3o de televis\u00e3o para o SBTVD-T segue o estabelecido pela Portaria n\u00ba 2.992\/2027.<\/p>\n\n\n\n<p><a href=\"https:\/\/www.facebook.com\/sharer.php?u=https%3A%2F%2Ftribunadonorte.com.br%2Frio-grande-do-norte%2Fmunicipios-do-rn-terao-tv-analogica-desligada-ate-30-de-dezembro-veja-lista%2F\"><\/a><\/p>\n\n\n\n<p><a href=\"https:\/\/www.facebook.com\/sharer.php?u=https%3A%2F%2Ftribunadonorte.com.br%2Frio-grande-do-norte%2Fmunicipios-do-rn-terao-tv-analogica-desligada-ate-30-de-dezembro-veja-lista%2F\"><\/a><\/p>\n","protected":false},"excerpt":{"rendered":"<p>O Minist\u00e9rio das Comunica\u00e7\u00f5es publicou nesta segunda-feira (14) uma portaria com a lista de munic\u00edpios que ter\u00e3o o sinal da TV anal\u00f3gica desligado at\u00e9 30 de dezembro deste ano. Ao todo, 10 munic\u00edpios do Rio Grande do Norte foram contemplados pela norma. As informa\u00e7\u00f5es foram publicadas no Di\u00e1rio Oficial da Uni\u00e3o. De acordo com a&#8230;<\/p>\n","protected":false},"author":1,"featured_media":543,"comment_status":"open","ping_status":"closed","sticky":false,"template":"","format":"standard","meta":{"footnotes":""},"categories":[3],"tags":[],"class_list":["post-542","post","type-post","status-publish","format-standard","has-post-thumbnail","hentry","category-geral"],"_links":{"self":[{"href":"https:\/\/cafecommessias.com.br\/index.php?rest_route=\/wp\/v2\/posts\/542","targetHints":{"allow":["GET"]}}],"collection":[{"href":"https:\/\/cafecommessias.com.br\/index.php?rest_route=\/wp\/v2\/posts"}],"about":[{"href":"https:\/\/cafecommessias.com.br\/index.php?rest_route=\/wp\/v2\/types\/post"}],"author":[{"embeddable":true,"href":"https:\/\/cafecommessias.com.br\/index.php?rest_route=\/wp\/v2\/users\/1"}],"replies":[{"embeddable":true,"href":"https:\/\/cafecommessias.com.br\/index.php?rest_route=%2Fwp%2Fv2%2Fcomments&post=542"}],"version-history":[{"count":1,"href":"https:\/\/cafecommessias.com.br\/index.php?rest_route=\/wp\/v2\/posts\/542\/revisions"}],"predecessor-version":[{"id":544,"href":"https:\/\/cafecommessias.com.br\/index.php?rest_route=\/wp\/v2\/posts\/542\/revisions\/544"}],"wp:featuredmedia":[{"embeddable":true,"href":"https:\/\/cafecommessias.com.br\/index.php?rest_route=\/wp\/v2\/media\/543"}],"wp:attachment":[{"href":"https:\/\/cafecommessias.com.br\/index.php?rest_route=%2Fwp%2Fv2%2Fmedia&parent=542"}],"wp:term":[{"taxonomy":"category","embeddable":true,"href":"https:\/\/cafecommessias.com.br\/index.php?rest_route=%2Fwp%2Fv2%2Fcategories&post=542"},{"taxonomy":"post_tag","embeddable":true,"href":"https:\/\/cafecommessias.com.br\/index.php?rest_route=%2Fwp%2Fv2%2Ftags&post=542"}],"curies":[{"name":"wp","href":"https:\/\/api.w.org\/{rel}","templated":true}]}}