{"id":5423,"date":"2025-11-22T23:11:31","date_gmt":"2025-11-23T02:11:31","guid":{"rendered":"https:\/\/cafecommessias.com.br\/?p=5423"},"modified":"2025-11-22T23:14:01","modified_gmt":"2025-11-23T02:14:01","slug":"morre-5o-policial-baleado-na-megaoperacao-de-outubro-no-rio","status":"publish","type":"post","link":"https:\/\/cafecommessias.com.br\/?p=5423","title":{"rendered":"Morre 5\u00ba policial baleado na megaopera\u00e7\u00e3o de outubro no Rio"},"content":{"rendered":"\n<p><strong><em>O agente Rodrigo Vasconcellos Nascimento, lotado na 39\u00aa DP (Pavuna), morreu no final da madrugada deste s\u00e1bado (22) no Hospital Copa D\u2019Or, em Copacabana, na Zona Sul do Rio de Janeiro, ap\u00f3s 20 dias internado.<\/em><\/strong><\/p>\n\n\n\n<p>.<\/p>\n\n\n\n<p>Subiu para 5 o n\u00famero de policiais mortos na&nbsp;Megaopera\u00e7\u00e3o Conten\u00e7\u00e3o, em outubro, nos complexos do Alem\u00e3o e da Penha. O agente&nbsp;Rodrigo Vasconcellos Nascimento, lotado na 39\u00aa DP (Pavuna), morreu no final da madrugada deste s\u00e1bado (22) no Hospital Copa D\u2019Or, em Copacabana, na Zona Sul do&nbsp;Rio de Janeiro, ap\u00f3s&nbsp;20 dias internado.<\/p>\n\n\n\n<p>Um drone da pol\u00edcia chegou a registrar quando o grupo onde Rodrigo estava foi alvo de disparos&nbsp;de traficantes no alto da Serra da Miseric\u00f3rdia naquele 28 de outubro&nbsp;<\/p>\n\n\n\n<p>\u201cNot\u00edcia muito triste. Ele estava melhorando a cada dia. Estive no \u00faltimo domingo (16) o visitando e soube depois pelo m\u00e9dico que ele ficou animado e chegou at\u00e9 a sentar depois\u201d, disse o secret\u00e1rio da Pol\u00edcia Civil, delegado Felipe Curi.<\/p>\n\n\n\n<p>\u201cRodrigo foi mais um grande her\u00f3i que deu a sua vida pela sociedade. N\u00e3o foi e jamais ser\u00e1 em v\u00e3o. Que Deus o receba de bra\u00e7os abertos e conforme os familiares e amigos\u201d, emendou.<\/p>\n\n\n\n<p>A Pol\u00edcia Civil&nbsp;chegou a pedir doa\u00e7\u00f5es de sangue para Rodrigo e outros 3 colegas internados.<\/p>\n\n\n\n<p>Al\u00e9m de Rodrigo,&nbsp;117 traficantes&nbsp;e&nbsp;4 policiais&nbsp;foram mortos, num total de&nbsp;<strong>122 \u00f3bitos<\/strong>.<\/p>\n\n\n\n<p><strong>Quem eram os outros agentes<\/strong><\/p>\n\n\n\n<ul class=\"wp-block-list\">\n<li><strong>Cleiton Serafim Gon\u00e7alves<\/strong>, 42 anos, 3\u00ba sargento do Bope;<\/li>\n\n\n\n<li><strong>Heber Carvalho da Fonseca<\/strong>, 39 anos, 3\u00ba sargento do Bope.<\/li>\n\n\n\n<li><strong>Marcus Vin\u00edcius Cardoso de Carvalho<\/strong>, 51 anos, conhecido como M\u00e1skara, comiss\u00e1rio da 53\u00aa DP (Mesquita);<\/li>\n\n\n\n<li><strong>Rodrigo Velloso Cabral<\/strong>, 34 anos, da 39\u00aa DP (Pavuna);<\/li>\n<\/ul>\n\n\n\n<p class=\"has-text-align-center\"><strong><em>PUBLICIDADE<\/em><\/strong><\/p>\n\n\n\n<figure class=\"wp-block-image size-full\"><img loading=\"lazy\" decoding=\"async\" width=\"630\" height=\"96\" src=\"https:\/\/cafecommessias.com.br\/wp-content\/uploads\/2025\/11\/630x96-Adolescencia.png.webp\" alt=\"\" class=\"wp-image-5304\" srcset=\"https:\/\/cafecommessias.com.br\/wp-content\/uploads\/2025\/11\/630x96-Adolescencia.png.webp 630w, https:\/\/cafecommessias.com.br\/wp-content\/uploads\/2025\/11\/630x96-Adolescencia.png-300x46.webp 300w\" sizes=\"auto, (max-width: 630px) 100vw, 630px\" \/><\/figure>\n","protected":false},"excerpt":{"rendered":"<p>O agente Rodrigo Vasconcellos Nascimento, lotado na 39\u00aa DP (Pavuna), morreu no final da madrugada deste s\u00e1bado (22) no Hospital Copa D\u2019Or, em Copacabana, na Zona Sul do Rio de Janeiro, ap\u00f3s 20 dias internado. . Subiu para 5 o n\u00famero de policiais mortos na&nbsp;Megaopera\u00e7\u00e3o Conten\u00e7\u00e3o, em outubro, nos complexos do Alem\u00e3o e da Penha&#8230;.<\/p>\n","protected":false},"author":1,"featured_media":5424,"comment_status":"open","ping_status":"closed","sticky":false,"template":"","format":"standard","meta":{"footnotes":""},"categories":[37],"tags":[],"class_list":["post-5423","post","type-post","status-publish","format-standard","has-post-thumbnail","hentry","category-brasil"],"_links":{"self":[{"href":"https:\/\/cafecommessias.com.br\/index.php?rest_route=\/wp\/v2\/posts\/5423","targetHints":{"allow":["GET"]}}],"collection":[{"href":"https:\/\/cafecommessias.com.br\/index.php?rest_route=\/wp\/v2\/posts"}],"about":[{"href":"https:\/\/cafecommessias.com.br\/index.php?rest_route=\/wp\/v2\/types\/post"}],"author":[{"embeddable":true,"href":"https:\/\/cafecommessias.com.br\/index.php?rest_route=\/wp\/v2\/users\/1"}],"replies":[{"embeddable":true,"href":"https:\/\/cafecommessias.com.br\/index.php?rest_route=%2Fwp%2Fv2%2Fcomments&post=5423"}],"version-history":[{"count":3,"href":"https:\/\/cafecommessias.com.br\/index.php?rest_route=\/wp\/v2\/posts\/5423\/revisions"}],"predecessor-version":[{"id":5427,"href":"https:\/\/cafecommessias.com.br\/index.php?rest_route=\/wp\/v2\/posts\/5423\/revisions\/5427"}],"wp:featuredmedia":[{"embeddable":true,"href":"https:\/\/cafecommessias.com.br\/index.php?rest_route=\/wp\/v2\/media\/5424"}],"wp:attachment":[{"href":"https:\/\/cafecommessias.com.br\/index.php?rest_route=%2Fwp%2Fv2%2Fmedia&parent=5423"}],"wp:term":[{"taxonomy":"category","embeddable":true,"href":"https:\/\/cafecommessias.com.br\/index.php?rest_route=%2Fwp%2Fv2%2Fcategories&post=5423"},{"taxonomy":"post_tag","embeddable":true,"href":"https:\/\/cafecommessias.com.br\/index.php?rest_route=%2Fwp%2Fv2%2Ftags&post=5423"}],"curies":[{"name":"wp","href":"https:\/\/api.w.org\/{rel}","templated":true}]}}