{"id":5440,"date":"2025-11-23T17:25:12","date_gmt":"2025-11-23T20:25:12","guid":{"rendered":"https:\/\/cafecommessias.com.br\/?p=5440"},"modified":"2025-11-23T17:25:50","modified_gmt":"2025-11-23T20:25:50","slug":"defesa-de-bolsonaro-diz-que-inexiste-risco-de-fuga-e-envia-ao-stf-novo-pedido-de-prisao-humanitaria-e-domiciliar","status":"publish","type":"post","link":"https:\/\/cafecommessias.com.br\/?p=5440","title":{"rendered":"Defesa de Bolsonaro diz que \u201cinexiste risco de fuga\u201d e envia ao STF novo pedido de pris\u00e3o humanit\u00e1ria e domiciliar"},"content":{"rendered":"\n<p>A defesa do ex-presidente Jair Bolsonaro voltou a pedir, neste s\u00e1bado (22), que o Supremo Tribunal Federal (STF) conceda pris\u00e3o domiciliar humanit\u00e1ria ao ex-mandat\u00e1rio, que est\u00e1 detido preventivamente na sede da Pol\u00edcia Federal em Bras\u00edlia.<\/p>\n\n\n\n<p>No documento enviado ao ministro Alexandre de Moraes, os advogados afirmam que \u201cinexiste risco de fuga\u201d e que a suposta viola\u00e7\u00e3o da tornozeleira eletr\u00f4nica teria rela\u00e7\u00e3o com um quadro de confus\u00e3o mental, provocado \u2014 segundo eles \u2014 por medicamentos ingeridos por Bolsonaro durante o feriado.<\/p>\n\n\n\n<p>\u201cAo contr\u00e1rio do que foi apontado, n\u00e3o houve qualquer tentativa de fuga ou de se furtar \u00e0 aplica\u00e7\u00e3o da lei penal\u201d, diz a peti\u00e7\u00e3o. A defesa cita informa\u00e7\u00f5es da Secretaria de Administra\u00e7\u00e3o Penitenci\u00e1ria (SEAP) e do m\u00e9dico pessoal de Bolsonaro para refor\u00e7ar o argumento.<\/p>\n\n\n\n<p>Os advogados afirmam ainda que os acontecimentos da madrugada do dia 22 \u201cdemonstram a situa\u00e7\u00e3o delicada de sa\u00fade do ex-presidente\u201d, mencionando relat\u00f3rios m\u00e9dicos e exames anexados ao processo.<\/p>\n\n\n\n<p>Diante disso, pedem que os novos elementos sobre o estado cl\u00ednico de Bolsonaro sejam considerados para a reconsidera\u00e7\u00e3o da pris\u00e3o preventiva decretada na manh\u00e3 deste s\u00e1bado.<\/p>\n\n\n\n<p>Al\u00e9m da revis\u00e3o da decis\u00e3o, a defesa solicita que o STF analise o pedido j\u00e1 apresentado anteriormente de pris\u00e3o domiciliar humanit\u00e1ria, alegando que o quadro de sa\u00fade exige cuidados espec\u00edficos.<\/p>\n\n\n\n<p>O pedido ser\u00e1 analisado pelo ministro Alexandre de Moraes, que tamb\u00e9m convocou a Primeira Turma do STF para referendar a decis\u00e3o que determinou a pris\u00e3o preventiva.<\/p>\n\n\n\n<p><em><sub>Por g1<\/sub><\/em><\/p>\n\n\n\n<p><a href=\"https:\/\/www.blogdobg.com.br\/defesa-de-bolsonaro-diz-que-inexiste-risco-de-fuga-e-envia-ao-stf-novo-pedido-de-prisao-humanitaria-e-domiciliar\/#comentarios\"><\/a><\/p>\n\n\n\n<p><a href=\"tg:\/\/msg?text=https%3A%2F%2Fwww.blogdobg.com.br%2Fdefesa-de-bolsonaro-diz-que-inexiste-risco-de-fuga-e-envia-ao-stf-novo-pedido-de-prisao-humanitaria-e-domiciliar%2F%20Defesa%20de%20Bolsonaro%20diz%20que%20%E2%80%9Cinexiste%20risco%20de%20fuga%E2%80%9D%20e%20envia%20ao%20STF%20novo%20pedido%20de%20pris%C3%A3o%20humanit%C3%A1ria%20e%20domiciliar\"><\/a><\/p>\n","protected":false},"excerpt":{"rendered":"<p>A defesa do ex-presidente Jair Bolsonaro voltou a pedir, neste s\u00e1bado (22), que o Supremo Tribunal Federal (STF) conceda pris\u00e3o domiciliar humanit\u00e1ria ao ex-mandat\u00e1rio, que est\u00e1 detido preventivamente na sede da Pol\u00edcia Federal em Bras\u00edlia. No documento enviado ao ministro Alexandre de Moraes, os advogados afirmam que \u201cinexiste risco de fuga\u201d e que a suposta&#8230;<\/p>\n","protected":false},"author":1,"featured_media":5441,"comment_status":"open","ping_status":"closed","sticky":false,"template":"","format":"standard","meta":{"footnotes":""},"categories":[3],"tags":[],"class_list":["post-5440","post","type-post","status-publish","format-standard","has-post-thumbnail","hentry","category-geral"],"_links":{"self":[{"href":"https:\/\/cafecommessias.com.br\/index.php?rest_route=\/wp\/v2\/posts\/5440","targetHints":{"allow":["GET"]}}],"collection":[{"href":"https:\/\/cafecommessias.com.br\/index.php?rest_route=\/wp\/v2\/posts"}],"about":[{"href":"https:\/\/cafecommessias.com.br\/index.php?rest_route=\/wp\/v2\/types\/post"}],"author":[{"embeddable":true,"href":"https:\/\/cafecommessias.com.br\/index.php?rest_route=\/wp\/v2\/users\/1"}],"replies":[{"embeddable":true,"href":"https:\/\/cafecommessias.com.br\/index.php?rest_route=%2Fwp%2Fv2%2Fcomments&post=5440"}],"version-history":[{"count":1,"href":"https:\/\/cafecommessias.com.br\/index.php?rest_route=\/wp\/v2\/posts\/5440\/revisions"}],"predecessor-version":[{"id":5442,"href":"https:\/\/cafecommessias.com.br\/index.php?rest_route=\/wp\/v2\/posts\/5440\/revisions\/5442"}],"wp:featuredmedia":[{"embeddable":true,"href":"https:\/\/cafecommessias.com.br\/index.php?rest_route=\/wp\/v2\/media\/5441"}],"wp:attachment":[{"href":"https:\/\/cafecommessias.com.br\/index.php?rest_route=%2Fwp%2Fv2%2Fmedia&parent=5440"}],"wp:term":[{"taxonomy":"category","embeddable":true,"href":"https:\/\/cafecommessias.com.br\/index.php?rest_route=%2Fwp%2Fv2%2Fcategories&post=5440"},{"taxonomy":"post_tag","embeddable":true,"href":"https:\/\/cafecommessias.com.br\/index.php?rest_route=%2Fwp%2Fv2%2Ftags&post=5440"}],"curies":[{"name":"wp","href":"https:\/\/api.w.org\/{rel}","templated":true}]}}