{"id":5449,"date":"2025-11-23T17:30:53","date_gmt":"2025-11-23T20:30:53","guid":{"rendered":"https:\/\/cafecommessias.com.br\/?p=5449"},"modified":"2025-11-23T17:31:11","modified_gmt":"2025-11-23T20:31:11","slug":"stf-ja-condenou-17-militares-por-tentativa-de-golpe-de-estado","status":"publish","type":"post","link":"https:\/\/cafecommessias.com.br\/?p=5449","title":{"rendered":"STF j\u00e1 condenou 17 militares por tentativa de golpe de Estado"},"content":{"rendered":"\n<p>Com o fim do julgamento do n\u00facleo 3 dos \u201ckids pretos\u201d, o STF (Supremo Tribunal Federal) condenou os primeiros 17 militares, tanto da ativa quanto da reserva, por tentativa de golpe de Estado.<\/p>\n\n\n\n<p>Na ter\u00e7a-feira (18), a 1\u00aa Turma do STF condenou 7 dos 10 integrantes do grupo, indiciados pela PGR (Procuradoria Geral da Rep\u00fablica) por tentativa de tentativa de aboli\u00e7\u00e3o violenta do Estado Democr\u00e1tico de Direito, golpe de Estado, participa\u00e7\u00e3o em organiza\u00e7\u00e3o criminosa armada, dano qualificado e deteriora\u00e7\u00e3o de patrim\u00f4nio tombado.<\/p>\n\n\n\n<p><strong>Condenados do n\u00facleo 3:<\/strong><\/p>\n\n\n\n<p>Bernardo Rom\u00e3o Corr\u00eaa Netto, Fabr\u00edcio Moreira de Bastos, H\u00e9lio Ferreira Lima, Rafael Martins de Oliveira, Rodrigo Bezerra de Azevedo, S\u00e9rgio Ricardo Cavaliere de Medeiros (todos do Ex\u00e9rcito), e Wladimir Matos Soares (PF).<\/p>\n\n\n\n<p>O relator Alexandre de Moraes prop\u00f4s crimes mais leves para Ronald Ferreira de Ara\u00fajo Jr. e M\u00e1rcio Nunes de Resende Jr., que podem fechar acordo com a PGR caso confessem. J\u00e1 o general da reserva Estevam Cals Theophilo foi absolvido por falta de provas.<\/p>\n\n\n\n<p>Segundo a PGR, o grupo elaborou o plano \u201cPunhal Verde e Amarelo\u201d, que previa o assassinato do presidente Lula, do vice Alckmin e do pr\u00f3prio Moraes.<\/p>\n\n\n\n<p><strong>N\u00facleos anteriores<\/strong><\/p>\n\n\n\n<p><strong>O STF j\u00e1 condenou:<\/strong><\/p>\n\n\n\n<p>N\u00facleo 4 (desinforma\u00e7\u00e3o): 7 pessoas, incluindo 5 militares.<\/p>\n\n\n\n<p>N\u00facleo 1 (alta c\u00fapula): Os militares do n\u00facleo 4 se somam aos 6 do n\u00facleo 1, condenados pela Corte em 11 de setembro: Jair Bolsonaro, ex-presidente e capit\u00e3o da reserva do Ex\u00e9rcito; Almir Garnier, ex-comandante da Marinha; Augusto Heleno, ex-ministro de Seguran\u00e7a Institucional e general da reserva do Ex\u00e9rcito; Mauro Cid, ex-ajudante de ordens da Presid\u00eancia e tenente-coronel do Ex\u00e9rcito; Paulo S\u00e9rgio Nogueira, ex-ministro da Defesa e ex-comandante do Ex\u00e9rcito; Walter Braga Netto, ex-ministro da Casa Civil e general da reserva do Ex\u00e9rcito.<\/p>\n\n\n\n<p>Moraes afirmou que o grupo liderado por Bolsonaro usou estruturas do Estado para atacar o Judici\u00e1rio, desacreditar as elei\u00e7\u00f5es e tentar manter o ex-presidente no poder.<\/p>\n\n\n\n<p><strong>Perda de patente<\/strong><\/p>\n\n\n\n<p>A perda de patente ser\u00e1 decidida pelo Superior Tribunal Militar, ap\u00f3s o tr\u00e2nsito em julgado. Militares condenados a mais de 2 anos podem perder o posto. Delator Mauro Cid, condenado a 2 anos em regime aberto, n\u00e3o corre esse risco.<\/p>\n\n\n\n<p><strong>\u00daltimo n\u00facleo ser\u00e1 julgado em dezembro<\/strong><\/p>\n\n\n\n<p>O n\u00facleo 2, acusado de coordenar a execu\u00e7\u00e3o do plano golpista, ser\u00e1 julgado em 9, 10, 16 e 17 de dezembro. Ele re\u00fane 6 r\u00e9us, incluindo Filipe Martins, Silvinei Vasques, Marcelo C\u00e2mara e o general da reserva Mario Fernandes.<\/p>\n\n\n\n<p>No total, o STF aceitou den\u00fancia contra 31 acusados, sendo 19 militares, por crimes ligados \u00e0 tentativa de golpe.<\/p>\n\n\n\n<p><em><sub>Por Poder 360<\/sub><\/em><\/p>\n\n\n\n<p><\/p>\n","protected":false},"excerpt":{"rendered":"<p>Com o fim do julgamento do n\u00facleo 3 dos \u201ckids pretos\u201d, o STF (Supremo Tribunal Federal) condenou os primeiros 17 militares, tanto da ativa quanto da reserva, por tentativa de golpe de Estado. Na ter\u00e7a-feira (18), a 1\u00aa Turma do STF condenou 7 dos 10 integrantes do grupo, indiciados pela PGR (Procuradoria Geral da Rep\u00fablica)&#8230;<\/p>\n","protected":false},"author":1,"featured_media":5450,"comment_status":"open","ping_status":"closed","sticky":false,"template":"","format":"standard","meta":{"footnotes":""},"categories":[31],"tags":[],"class_list":["post-5449","post","type-post","status-publish","format-standard","has-post-thumbnail","hentry","category-golpe"],"_links":{"self":[{"href":"https:\/\/cafecommessias.com.br\/index.php?rest_route=\/wp\/v2\/posts\/5449","targetHints":{"allow":["GET"]}}],"collection":[{"href":"https:\/\/cafecommessias.com.br\/index.php?rest_route=\/wp\/v2\/posts"}],"about":[{"href":"https:\/\/cafecommessias.com.br\/index.php?rest_route=\/wp\/v2\/types\/post"}],"author":[{"embeddable":true,"href":"https:\/\/cafecommessias.com.br\/index.php?rest_route=\/wp\/v2\/users\/1"}],"replies":[{"embeddable":true,"href":"https:\/\/cafecommessias.com.br\/index.php?rest_route=%2Fwp%2Fv2%2Fcomments&post=5449"}],"version-history":[{"count":1,"href":"https:\/\/cafecommessias.com.br\/index.php?rest_route=\/wp\/v2\/posts\/5449\/revisions"}],"predecessor-version":[{"id":5451,"href":"https:\/\/cafecommessias.com.br\/index.php?rest_route=\/wp\/v2\/posts\/5449\/revisions\/5451"}],"wp:featuredmedia":[{"embeddable":true,"href":"https:\/\/cafecommessias.com.br\/index.php?rest_route=\/wp\/v2\/media\/5450"}],"wp:attachment":[{"href":"https:\/\/cafecommessias.com.br\/index.php?rest_route=%2Fwp%2Fv2%2Fmedia&parent=5449"}],"wp:term":[{"taxonomy":"category","embeddable":true,"href":"https:\/\/cafecommessias.com.br\/index.php?rest_route=%2Fwp%2Fv2%2Fcategories&post=5449"},{"taxonomy":"post_tag","embeddable":true,"href":"https:\/\/cafecommessias.com.br\/index.php?rest_route=%2Fwp%2Fv2%2Ftags&post=5449"}],"curies":[{"name":"wp","href":"https:\/\/api.w.org\/{rel}","templated":true}]}}