{"id":5452,"date":"2025-11-23T17:32:59","date_gmt":"2025-11-23T20:32:59","guid":{"rendered":"https:\/\/cafecommessias.com.br\/?p=5452"},"modified":"2025-11-23T17:33:16","modified_gmt":"2025-11-23T20:33:16","slug":"certa-paranoia-em-razao-de-medicamentos-leia-integra-do-depoimento-de-bolsonaro-em-audiencia-de-custodia","status":"publish","type":"post","link":"https:\/\/cafecommessias.com.br\/?p=5452","title":{"rendered":"\u2018Certa paranoia em raz\u00e3o de medicamentos\u2019: leia \u00edntegra do depoimento de Bolsonaro em audi\u00eancia de cust\u00f3dia"},"content":{"rendered":"\n<p>O ex-presidente Jair Bolsonaro afirmou que estava com \u201ccerta paranoia\u201d sobre a sua tornozeleira eletr\u00f4nica antes de decidir mexer no equipamento. Ele passou por audi\u00eancia de cust\u00f3dia hoje e teve a pris\u00e3o mantida pela Justi\u00e7a.<\/p>\n\n\n\n<p><strong>Veja a \u00edntegra do que foi dito pelo ex-presidente na audi\u00eancia de cust\u00f3dia:<\/strong><\/p>\n\n\n\n<p><em>Indagado acerca do equipamento de monitoramento eletr\u00f4nico, o depoente respondeu que teve uma \u201ccerta paranoia\u201d de sexta para s\u00e1bado em raz\u00e3o de medicamentos que tem tomado receitados por m\u00e9dicos diferentes e que interagiram de forma inadequada (Pregabalina e Sertralina); que tem o sono \u201cpicado\u201d e n\u00e3o dorme direito resolvendo, ent\u00e3o, com um ferro de soldar, mexer na tornozeleira, pois tem curso de opera\u00e7\u00e3o desse tipo de equipamento.<\/em><\/p>\n\n\n\n<p><em>Afirmou o depoente que, por volta de meia-noite mexeu na tornozeleira, depois \u201ccaindo na raz\u00e3o\u201d e cessando o uso da solda, ocasi\u00e3o em que comunicou os agentes de sua cust\u00f3dia; O depoente afirmou que estava acompanhado de sua filha, de seu irm\u00e3o mais velho e um assessor na sua casa e nenhum deles viu a a\u00e7\u00e3o do depoente com a tornozeleira. Afirmou que come\u00e7ou a mexer com a tornozeleira tarde da noite e parou por volta de meia-noite. Informou que as demais pessoas que estavam na casa dormiam e que ningu\u00e9m percebeu qualquer movimenta\u00e7\u00e3o. O depoente afirmou que estava com \u201calucina\u00e7\u00e3o\u201d de que tinha alguma escuta na tornozeleira, tentando ent\u00e3o abrir a tampa.&nbsp; O depoente afirmou que n\u00e3o se lembra de surto dessa natureza em outra ocasi\u00e3o. O depoente afirmou que passou a tomar um dos rem\u00e9dios cerca de 4 (quatro) dias antes dos fatos que levaram \u00e0 sua pris\u00e3o.<\/em><\/p>\n\n\n\n<p><em>Na sequ\u00eancia, dada a palavra ao Dr. Joaquim Cabral, pela Procuradoria-Geral da Rep\u00fablica, foi dito que, ante a manifesta\u00e7\u00e3o do senhor JAIR MESSIAS BOLSONARO no que tange \u00e0 higidez do comportamento dos policiais que cumpriram o mandado de pris\u00e3o, manifestava-se a Procuradoria-Geral da Rep\u00fablica pela regularidade, nesse aspecto, da cust\u00f3dia cautelar.<\/em><\/p>\n\n\n\n<p><em>Pela Ju\u00edza Auxiliar foi dito: Dada a palavra, em seguida, aos advogados regularmente constitu\u00eddos do custodiado JAIR MESSIAS BOLSONARO, foi pergunta ao depoente se tinha intuito de tirar tornozeleira para empreender fuga. O depoente afirmou que n\u00e3o tinha qualquer inten\u00e7\u00e3o de fuga e que n\u00e3o houve rompimento da cinta.<\/em><\/p>\n\n\n\n<p><em>Afirmou, ainda, que havia rompido anteriormente a cinta em uma ocasi\u00e3o em que precisou realizar uma tomografia. Sobre a vig\u00edlia convocada por seu filho, afirmou o depoente que o local da vig\u00edlia fica a setecentos metros da sua casa, n\u00e3o havendo possibilidade de criar qualquer tumulto que pudesse facilitar hipot\u00e9tica fuga.<\/em><\/p>\n\n\n\n<p><em>Pela Ju\u00edza Auxiliar foi dito: Indagado acerca de quais m\u00e9dicos teriam receitados os medicamentos mencionados pelo depoente, cuja intera\u00e7\u00e3o poderia ter causado a \u201cparanoia\u201d que o levou a \u201cmexer\u201d com a tornozeleira, informou que se chamam Cl\u00e1udio Birolini, Leandro Chenique e Marina Graziottin Pasolini, est\u00e1 \u00faltima prescrevendo a Sertralina, sem se comunicar com os demais m\u00e9dicos.<\/em><\/p>\n\n\n\n<p><em>Pela Ju\u00edza Auxiliar foi dito: Indagado se j\u00e1 tinha o equipamento de solda em casa ou se foi fornecido por terceira pessoa, afirmou o depoente que tinha o equipamento em casa.<\/em><\/p>\n\n\n\n<p><em>Ao final, pela Ju\u00edza Auxiliar foi deliberado: Diante de todo o exposto, inexistindo requerimentos que reclamem decis\u00e3o por parte desta Ju\u00edza Auxiliar, e tendo-se em vista os relatos do custodiado JAIR MESSIAS BOLSONARO na presente audi\u00eancia, no sentido de n\u00e3o ter havido qualquer abuso ou irregularidade por parte dos policiais respons\u00e1veis pelo cumprimento do Mandado de Pris\u00e3o expedido nos autos desta Pet 14.129\/DF, bem como considerando o cumprimento das formalidades legais e regulamentares, em especial os termos da Resolu\u00e7\u00e3o CNJ n\u00ba 213, de 15 de dezembro de 2015, HOMOLOGO o cumprimento do Mandado de Pris\u00e3o, relegando a an\u00e1lise das quest\u00f5es relacionadas ao m\u00e9rito da causa a Sua Excel\u00eancia, o Ministro Relator.<\/em><\/p>\n\n\n\n<p><em>A seguir, pela Ju\u00edza Auxiliar, foi declarada encerrada a presente Audi\u00eancia de Cust\u00f3dia, do que se lavrou o presente termo.<\/em><\/p>\n\n\n\n<p><em><sub>Por UOL<\/sub><\/em><\/p>\n\n\n\n<p><a href=\"https:\/\/www.blogdobg.com.br\/certa-paranoia-em-razao-de-medicamentos-leia-integra-do-depoimento-de-bolsonaro-em-audiencia-de-custodia\/#comentarios\"><\/a><\/p>\n\n\n\n<p><a href=\"tg:\/\/msg?text=https%3A%2F%2Fwww.blogdobg.com.br%2Fcerta-paranoia-em-razao-de-medicamentos-leia-integra-do-depoimento-de-bolsonaro-em-audiencia-de-custodia%2F%20%E2%80%98Certa%20paranoia%20em%20raz%C3%A3o%20de%20medicamentos%E2%80%99%3A%20leia%20%C3%ADntegra%20do%20depoimento%20de%20Bolsonaro%20em%20audi%C3%AAncia%20de%20cust%C3%B3dia\"><\/a><\/p>\n","protected":false},"excerpt":{"rendered":"<p>O ex-presidente Jair Bolsonaro afirmou que estava com \u201ccerta paranoia\u201d sobre a sua tornozeleira eletr\u00f4nica antes de decidir mexer no equipamento. Ele passou por audi\u00eancia de cust\u00f3dia hoje e teve a pris\u00e3o mantida pela Justi\u00e7a. Veja a \u00edntegra do que foi dito pelo ex-presidente na audi\u00eancia de cust\u00f3dia: Indagado acerca do equipamento de monitoramento eletr\u00f4nico,&#8230;<\/p>\n","protected":false},"author":1,"featured_media":5453,"comment_status":"open","ping_status":"closed","sticky":false,"template":"","format":"standard","meta":{"footnotes":""},"categories":[3],"tags":[],"class_list":["post-5452","post","type-post","status-publish","format-standard","has-post-thumbnail","hentry","category-geral"],"_links":{"self":[{"href":"https:\/\/cafecommessias.com.br\/index.php?rest_route=\/wp\/v2\/posts\/5452","targetHints":{"allow":["GET"]}}],"collection":[{"href":"https:\/\/cafecommessias.com.br\/index.php?rest_route=\/wp\/v2\/posts"}],"about":[{"href":"https:\/\/cafecommessias.com.br\/index.php?rest_route=\/wp\/v2\/types\/post"}],"author":[{"embeddable":true,"href":"https:\/\/cafecommessias.com.br\/index.php?rest_route=\/wp\/v2\/users\/1"}],"replies":[{"embeddable":true,"href":"https:\/\/cafecommessias.com.br\/index.php?rest_route=%2Fwp%2Fv2%2Fcomments&post=5452"}],"version-history":[{"count":1,"href":"https:\/\/cafecommessias.com.br\/index.php?rest_route=\/wp\/v2\/posts\/5452\/revisions"}],"predecessor-version":[{"id":5454,"href":"https:\/\/cafecommessias.com.br\/index.php?rest_route=\/wp\/v2\/posts\/5452\/revisions\/5454"}],"wp:featuredmedia":[{"embeddable":true,"href":"https:\/\/cafecommessias.com.br\/index.php?rest_route=\/wp\/v2\/media\/5453"}],"wp:attachment":[{"href":"https:\/\/cafecommessias.com.br\/index.php?rest_route=%2Fwp%2Fv2%2Fmedia&parent=5452"}],"wp:term":[{"taxonomy":"category","embeddable":true,"href":"https:\/\/cafecommessias.com.br\/index.php?rest_route=%2Fwp%2Fv2%2Fcategories&post=5452"},{"taxonomy":"post_tag","embeddable":true,"href":"https:\/\/cafecommessias.com.br\/index.php?rest_route=%2Fwp%2Fv2%2Ftags&post=5452"}],"curies":[{"name":"wp","href":"https:\/\/api.w.org\/{rel}","templated":true}]}}