{"id":5458,"date":"2025-11-23T17:40:00","date_gmt":"2025-11-23T20:40:00","guid":{"rendered":"https:\/\/cafecommessias.com.br\/?p=5458"},"modified":"2025-11-23T17:40:16","modified_gmt":"2025-11-23T20:40:16","slug":"oposicao-diz-que-fara-obstrucao-em-votacoes-na-camara-e-ameaca-orcamento-se-anistia-nao-for-pautada","status":"publish","type":"post","link":"https:\/\/cafecommessias.com.br\/?p=5458","title":{"rendered":"Oposi\u00e7\u00e3o diz que far\u00e1 obstru\u00e7\u00e3o em vota\u00e7\u00f5es na C\u00e2mara e amea\u00e7a Or\u00e7amento se anistia n\u00e3o for pautada"},"content":{"rendered":"\n<p>A oposi\u00e7\u00e3o na C\u00e2mara se prepara para uma nova obstru\u00e7\u00e3o em resposta \u00e0 pris\u00e3o do ex-presidente Jair Bolsonaro. Segundo o l\u00edder do PL, S\u00f3stenes Cavalcante (RJ), o bloco n\u00e3o votar\u00e1 nenhum projeto \u2014 incluindo o Or\u00e7amento de 2026 \u2014 at\u00e9 que a anistia aos envolvidos no 8 de Janeiro seja pautada em plen\u00e1rio.<\/p>\n\n\n\n<p>S\u00f3stenes vai buscar o presidente da C\u00e2mara, Hugo Motta (Republicanos-PB), para exigir a vota\u00e7\u00e3o. Bolsonaro foi preso no s\u00e1bado (22\/11) por ordem do ministro Alexandre de Moraes, e a oposi\u00e7\u00e3o quer retomar a vers\u00e3o original do projeto, que concederia anistia ampla e beneficiaria diretamente o ex-presidente.<\/p>\n\n\n\n<p>Em agosto, a oposi\u00e7\u00e3o j\u00e1 havia paralisado a C\u00e2mara e at\u00e9 ocupou o plen\u00e1rio para for\u00e7ar a vota\u00e7\u00e3o. Apesar do acordo que garantiu urg\u00eancia ao projeto, o relator Paulinho da For\u00e7a modificou o texto, transformando-o no chamado \u201cPL da Dosimetria\u201d, que apenas reduz penas de manifestantes \u2014 sem livrar Bolsonaro da pris\u00e3o.<\/p>\n\n\n\n<p>Agora, com o novo impasse, cresce a preocupa\u00e7\u00e3o com o Or\u00e7amento de 2026, que precisa ser aprovado at\u00e9 dezembro para evitar bloqueios de investimentos e atrasos no pagamento de emendas em ano eleitoral.<\/p>\n\n\n\n<p><em><sub>Por Metr\u00f3poles<\/sub><\/em><\/p>\n","protected":false},"excerpt":{"rendered":"<p>A oposi\u00e7\u00e3o na C\u00e2mara se prepara para uma nova obstru\u00e7\u00e3o em resposta \u00e0 pris\u00e3o do ex-presidente Jair Bolsonaro. Segundo o l\u00edder do PL, S\u00f3stenes Cavalcante (RJ), o bloco n\u00e3o votar\u00e1 nenhum projeto \u2014 incluindo o Or\u00e7amento de 2026 \u2014 at\u00e9 que a anistia aos envolvidos no 8 de Janeiro seja pautada em plen\u00e1rio. S\u00f3stenes vai&#8230;<\/p>\n","protected":false},"author":1,"featured_media":5459,"comment_status":"open","ping_status":"closed","sticky":false,"template":"","format":"standard","meta":{"footnotes":""},"categories":[3],"tags":[],"class_list":["post-5458","post","type-post","status-publish","format-standard","has-post-thumbnail","hentry","category-geral"],"_links":{"self":[{"href":"https:\/\/cafecommessias.com.br\/index.php?rest_route=\/wp\/v2\/posts\/5458","targetHints":{"allow":["GET"]}}],"collection":[{"href":"https:\/\/cafecommessias.com.br\/index.php?rest_route=\/wp\/v2\/posts"}],"about":[{"href":"https:\/\/cafecommessias.com.br\/index.php?rest_route=\/wp\/v2\/types\/post"}],"author":[{"embeddable":true,"href":"https:\/\/cafecommessias.com.br\/index.php?rest_route=\/wp\/v2\/users\/1"}],"replies":[{"embeddable":true,"href":"https:\/\/cafecommessias.com.br\/index.php?rest_route=%2Fwp%2Fv2%2Fcomments&post=5458"}],"version-history":[{"count":1,"href":"https:\/\/cafecommessias.com.br\/index.php?rest_route=\/wp\/v2\/posts\/5458\/revisions"}],"predecessor-version":[{"id":5460,"href":"https:\/\/cafecommessias.com.br\/index.php?rest_route=\/wp\/v2\/posts\/5458\/revisions\/5460"}],"wp:featuredmedia":[{"embeddable":true,"href":"https:\/\/cafecommessias.com.br\/index.php?rest_route=\/wp\/v2\/media\/5459"}],"wp:attachment":[{"href":"https:\/\/cafecommessias.com.br\/index.php?rest_route=%2Fwp%2Fv2%2Fmedia&parent=5458"}],"wp:term":[{"taxonomy":"category","embeddable":true,"href":"https:\/\/cafecommessias.com.br\/index.php?rest_route=%2Fwp%2Fv2%2Fcategories&post=5458"},{"taxonomy":"post_tag","embeddable":true,"href":"https:\/\/cafecommessias.com.br\/index.php?rest_route=%2Fwp%2Fv2%2Ftags&post=5458"}],"curies":[{"name":"wp","href":"https:\/\/api.w.org\/{rel}","templated":true}]}}