{"id":5474,"date":"2025-11-24T06:20:24","date_gmt":"2025-11-24T09:20:24","guid":{"rendered":"https:\/\/cafecommessias.com.br\/?p=5474"},"modified":"2025-11-24T06:20:48","modified_gmt":"2025-11-24T09:20:48","slug":"operacao-zero-alcool-prende-mais-seis-condutores-embriagados-em-natal-e-regiao-metropolitana","status":"publish","type":"post","link":"https:\/\/cafecommessias.com.br\/?p=5474","title":{"rendered":"Opera\u00e7\u00e3o zero \u00e1lcool prende mais seis condutores embriagados em Natal e regi\u00e3o metropolitana"},"content":{"rendered":"\n<p>O Comando de Policiamento Rodovi\u00e1rio Estadual(CPRE), por meio do BATALH\u00c3O RODOVI\u00c1RIO, registou, neste s\u00e1bado (22), mais seis pris\u00f5es pela mistura de \u00e1lcool e dire\u00e7\u00e3o.<\/p>\n\n\n\n<p>Na Redinha uma mulher de 31 anos a bordo de motocicleta e sem habilita\u00e7\u00e3o foi presa ap\u00f3s o teste de alcoolemia apontar 0.38mg\/l.<\/p>\n\n\n\n<p>Na Via Costeira, um homem 29 anos tamb\u00e9m pilotando motocicleta recebeu voz de pris\u00e3o ap\u00f3s o \u201cbaf\u00f4metro\u201d constatar&nbsp; 0.96mg\/l, quase tr\u00eas vezes o limite que configura crime.&nbsp;<\/p>\n\n\n\n<p>Em Pium, Parnamirim, um homem de 50 anos tamb\u00e9m foi preso dirigindo embriagado.<\/p>\n\n\n\n<p>J\u00e1 em S\u00e3o Gon\u00e7alo do Amarante, na RN 160, um homem de 51 anos ,com habilita\u00e7\u00e3o vencida, e uma mulher de 50 anos foram presos dirigindo com capacidade psicomotora alterada.&nbsp;<\/p>\n\n\n\n<p>J\u00e1 em N\u00edsia Floresta, um homem de 28 anos, sem habilita\u00e7\u00e3o e pilotando motocicleta foi encaminhado \u00e0 Central de Flagrantes ap\u00f3s o \u201cbaf\u00f4metro\u201d apontar 0.42mg\/l.<\/p>\n\n\n\n<p><sub>Fonte:\u00a0PMRN<\/sub><\/p>\n","protected":false},"excerpt":{"rendered":"<p>O Comando de Policiamento Rodovi\u00e1rio Estadual(CPRE), por meio do BATALH\u00c3O RODOVI\u00c1RIO, registou, neste s\u00e1bado (22), mais seis pris\u00f5es pela mistura de \u00e1lcool e dire\u00e7\u00e3o. Na Redinha uma mulher de 31 anos a bordo de motocicleta e sem habilita\u00e7\u00e3o foi presa ap\u00f3s o teste de alcoolemia apontar 0.38mg\/l. Na Via Costeira, um homem 29 anos tamb\u00e9m&#8230;<\/p>\n","protected":false},"author":1,"featured_media":5475,"comment_status":"open","ping_status":"closed","sticky":false,"template":"","format":"standard","meta":{"footnotes":""},"categories":[5],"tags":[],"class_list":["post-5474","post","type-post","status-publish","format-standard","has-post-thumbnail","hentry","category-policia"],"_links":{"self":[{"href":"https:\/\/cafecommessias.com.br\/index.php?rest_route=\/wp\/v2\/posts\/5474","targetHints":{"allow":["GET"]}}],"collection":[{"href":"https:\/\/cafecommessias.com.br\/index.php?rest_route=\/wp\/v2\/posts"}],"about":[{"href":"https:\/\/cafecommessias.com.br\/index.php?rest_route=\/wp\/v2\/types\/post"}],"author":[{"embeddable":true,"href":"https:\/\/cafecommessias.com.br\/index.php?rest_route=\/wp\/v2\/users\/1"}],"replies":[{"embeddable":true,"href":"https:\/\/cafecommessias.com.br\/index.php?rest_route=%2Fwp%2Fv2%2Fcomments&post=5474"}],"version-history":[{"count":1,"href":"https:\/\/cafecommessias.com.br\/index.php?rest_route=\/wp\/v2\/posts\/5474\/revisions"}],"predecessor-version":[{"id":5476,"href":"https:\/\/cafecommessias.com.br\/index.php?rest_route=\/wp\/v2\/posts\/5474\/revisions\/5476"}],"wp:featuredmedia":[{"embeddable":true,"href":"https:\/\/cafecommessias.com.br\/index.php?rest_route=\/wp\/v2\/media\/5475"}],"wp:attachment":[{"href":"https:\/\/cafecommessias.com.br\/index.php?rest_route=%2Fwp%2Fv2%2Fmedia&parent=5474"}],"wp:term":[{"taxonomy":"category","embeddable":true,"href":"https:\/\/cafecommessias.com.br\/index.php?rest_route=%2Fwp%2Fv2%2Fcategories&post=5474"},{"taxonomy":"post_tag","embeddable":true,"href":"https:\/\/cafecommessias.com.br\/index.php?rest_route=%2Fwp%2Fv2%2Ftags&post=5474"}],"curies":[{"name":"wp","href":"https:\/\/api.w.org\/{rel}","templated":true}]}}