{"id":5489,"date":"2025-11-24T06:50:36","date_gmt":"2025-11-24T09:50:36","guid":{"rendered":"https:\/\/cafecommessias.com.br\/?p=5489"},"modified":"2025-11-24T06:50:54","modified_gmt":"2025-11-24T09:50:54","slug":"pre-candidato-ao-senado-coronel-helio-recebe-apoio-do-prefeito-e-vereadores-da-maior-cidade-do-potengi","status":"publish","type":"post","link":"https:\/\/cafecommessias.com.br\/?p=5489","title":{"rendered":"Pr\u00e9-candidato ao Senado Coronel H\u00e9lio recebe apoio do prefeito e vereadores da maior cidade do Potengi"},"content":{"rendered":"\n<p>O prefeito de S\u00e3o Paulo do Potengi, Pacelli Souto (PL), declarou apoio a pr\u00e9-candidatura ao Senado ao Coronel H\u00e9lio (PL), neste s\u00e1bado (22), durante entrevista de r\u00e1dio AM e da TV Campo Grande, em sua cidade, ao lado de vereadores da base aliada. O an\u00fancio tem expressiva representa\u00e7\u00e3o estadual por ser a maior cidade do Potengi e pelo peso de um l\u00edder regional reeleito com mais de 82% dos votos. Tendo uma alta aprova\u00e7\u00e3o popular, filiado ao Partido Liberal.<\/p>\n\n\n\n<p>\u201cEssa \u00e9 a primeira de muitas reuni\u00f5es que faremos em S\u00e3o Paulo do Potengi e vamos ter a participa\u00e7\u00e3o maci\u00e7a da nossa popula\u00e7\u00e3o, porque o povo de S\u00e3o Paulo do Potengi sabe votar e sabe quem est\u00e1 com o cora\u00e7\u00e3o voltado para o desenvolvimento, para o trabalho, para fazer o melhor pela nossa cidade e regi\u00e3o. Sou otimista e hoje estou confiante que se em cada cidade as pessoas conhecerem a sua hist\u00f3ria, o seu cora\u00e7\u00e3o, voc\u00ea vai crescer ainda muito mais. Estou confiante. S\u00e3o Paulo do Potengi vai ser exemplo na regi\u00e3o do Potengi\u201d, disse o prefeito Pacelli, em sua fala ao lado do pr\u00e9-candidato Coronel H\u00e9lio, recebendo o apoio emocionado.<\/p>\n\n\n\n<figure class=\"wp-block-image size-large\"><img loading=\"lazy\" decoding=\"async\" width=\"768\" height=\"1024\" src=\"https:\/\/cafecommessias.com.br\/wp-content\/uploads\/2025\/11\/IMG-20251123-WA0741-1152x1536.jpg-768x1024.webp\" alt=\"\" class=\"wp-image-5490\" srcset=\"https:\/\/cafecommessias.com.br\/wp-content\/uploads\/2025\/11\/IMG-20251123-WA0741-1152x1536.jpg-768x1024.webp 768w, https:\/\/cafecommessias.com.br\/wp-content\/uploads\/2025\/11\/IMG-20251123-WA0741-1152x1536.jpg-225x300.webp 225w, https:\/\/cafecommessias.com.br\/wp-content\/uploads\/2025\/11\/IMG-20251123-WA0741-1152x1536.jpg.webp 1152w\" sizes=\"auto, (max-width: 768px) 100vw, 768px\" \/><\/figure>\n\n\n\n<p>O Coronel H\u00e9lio reiterou sua gratid\u00e3o. \u201cAgradecer esse momento, esse acolhimento, n\u00e3o \u00e9 a primeira vez, a amiga C\u00e9lia Mara, esposa do prefeito Pacelli, aos vereadores, eu sinto aqui a presen\u00e7a de Deus, e onde tem Deus, tem cora\u00e7\u00f5es abertos, caridosos que pensam no pr\u00f3ximo, assim vejo S\u00e3o Paulo do Potengi com o casal C\u00e9lia Mara e Pacelli. O povo daqui t\u00e1 feliz e agrade\u00e7o a voc\u00eas por permitir contar a nossa hist\u00f3ria\u201d, disse o pr\u00e9-candidato ao Senado pelo PL, que realizar\u00e1 no pr\u00f3ximo domingo (30), a partir das 9h, com a presen\u00e7a confirmada de v\u00e1rios lideran\u00e7as pol\u00edticas e mais de 1.000 pessoas, o lan\u00e7amento da plataforma Bora Decolar, com entrada gratuita no hotel Holiday Inn Natal, programa de ideiais para o Senado Federal.<\/p>\n\n\n\n<p>O evento ser\u00e1 de esquenta para a manifesta\u00e7\u00e3o dos movimentos conservadores que ocorrer\u00e1 no Midway Mall, \u00e0s 15h, do mesmo dia, (30\/11), em virtude de protesto contra a pris\u00e3o do ex-presidente Jair Bolsonaro.<\/p>\n\n\n\n<p class=\"has-text-align-center\"><strong><em>PUBLICIDADE<\/em><\/strong><\/p>\n\n\n\n<figure class=\"wp-block-image size-full\"><img loading=\"lazy\" decoding=\"async\" width=\"630\" height=\"96\" src=\"https:\/\/cafecommessias.com.br\/wp-content\/uploads\/2025\/11\/630x96-Adolescencia.png.webp\" alt=\"\" class=\"wp-image-5304\" srcset=\"https:\/\/cafecommessias.com.br\/wp-content\/uploads\/2025\/11\/630x96-Adolescencia.png.webp 630w, https:\/\/cafecommessias.com.br\/wp-content\/uploads\/2025\/11\/630x96-Adolescencia.png-300x46.webp 300w\" sizes=\"auto, (max-width: 630px) 100vw, 630px\" \/><\/figure>\n","protected":false},"excerpt":{"rendered":"<p>O prefeito de S\u00e3o Paulo do Potengi, Pacelli Souto (PL), declarou apoio a pr\u00e9-candidatura ao Senado ao Coronel H\u00e9lio (PL), neste s\u00e1bado (22), durante entrevista de r\u00e1dio AM e da TV Campo Grande, em sua cidade, ao lado de vereadores da base aliada. O an\u00fancio tem expressiva representa\u00e7\u00e3o estadual por ser a maior cidade do&#8230;<\/p>\n","protected":false},"author":1,"featured_media":5491,"comment_status":"open","ping_status":"closed","sticky":false,"template":"","format":"standard","meta":{"footnotes":""},"categories":[6],"tags":[],"class_list":["post-5489","post","type-post","status-publish","format-standard","has-post-thumbnail","hentry","category-politica"],"_links":{"self":[{"href":"https:\/\/cafecommessias.com.br\/index.php?rest_route=\/wp\/v2\/posts\/5489","targetHints":{"allow":["GET"]}}],"collection":[{"href":"https:\/\/cafecommessias.com.br\/index.php?rest_route=\/wp\/v2\/posts"}],"about":[{"href":"https:\/\/cafecommessias.com.br\/index.php?rest_route=\/wp\/v2\/types\/post"}],"author":[{"embeddable":true,"href":"https:\/\/cafecommessias.com.br\/index.php?rest_route=\/wp\/v2\/users\/1"}],"replies":[{"embeddable":true,"href":"https:\/\/cafecommessias.com.br\/index.php?rest_route=%2Fwp%2Fv2%2Fcomments&post=5489"}],"version-history":[{"count":1,"href":"https:\/\/cafecommessias.com.br\/index.php?rest_route=\/wp\/v2\/posts\/5489\/revisions"}],"predecessor-version":[{"id":5492,"href":"https:\/\/cafecommessias.com.br\/index.php?rest_route=\/wp\/v2\/posts\/5489\/revisions\/5492"}],"wp:featuredmedia":[{"embeddable":true,"href":"https:\/\/cafecommessias.com.br\/index.php?rest_route=\/wp\/v2\/media\/5491"}],"wp:attachment":[{"href":"https:\/\/cafecommessias.com.br\/index.php?rest_route=%2Fwp%2Fv2%2Fmedia&parent=5489"}],"wp:term":[{"taxonomy":"category","embeddable":true,"href":"https:\/\/cafecommessias.com.br\/index.php?rest_route=%2Fwp%2Fv2%2Fcategories&post=5489"},{"taxonomy":"post_tag","embeddable":true,"href":"https:\/\/cafecommessias.com.br\/index.php?rest_route=%2Fwp%2Fv2%2Ftags&post=5489"}],"curies":[{"name":"wp","href":"https:\/\/api.w.org\/{rel}","templated":true}]}}