{"id":5497,"date":"2025-11-24T17:33:04","date_gmt":"2025-11-24T20:33:04","guid":{"rendered":"https:\/\/cafecommessias.com.br\/?p=5497"},"modified":"2025-11-24T17:33:20","modified_gmt":"2025-11-24T20:33:20","slug":"camara-em-chamas-motta-corta-relacoes-com-lider-do-pt-e-crise-com-lula-so-piora","status":"publish","type":"post","link":"https:\/\/cafecommessias.com.br\/?p=5497","title":{"rendered":"C\u00e2mara em chamas: Motta corta rela\u00e7\u00f5es com l\u00edder do PT e crise com Lula s\u00f3 piora"},"content":{"rendered":"\n<p>O presidente da C\u00e2mara, Hugo Motta, rompeu de vez com o l\u00edder do PT, Lindbergh Farias. O estopim foi a sequ\u00eancia de ataques p\u00fablicos de Lindbergh contra Motta por causa do PL Antifac\u00e7\u00e3o, projeto que o governo Lula queria controlar de perto \u2014 mas acabou escorregando das m\u00e3os do Planalto, conforme o Metr\u00f3poles. Segundo aliados do presidente da C\u00e2mara, \u201cn\u00e3o entra mais nada vindo dele\u201d.<\/p>\n\n\n\n<p>O desgaste entre o Planalto e o Congresso vinha crescendo nos \u00faltimos meses, mas piorou quando Motta escolheu o deputado Guilherme Derrite como relator da proposta. O governo queria algu\u00e9m \u201cneutro\u201d, ou melhor, algu\u00e9m alinhado. Lindbergh explodiu em entrevistas, acusando Motta de ter feito uma \u201clamban\u00e7a\u201d.<\/p>\n\n\n\n<p>A treta ficou ainda maior depois que Lula, ao lado de Motta no palco, atacou o Congresso, dizendo que a Casa vive seu pior \u201cbaixo n\u00edvel\u201d. A frase caiu como veneno na articula\u00e7\u00e3o pol\u00edtica.<\/p>\n\n\n\n<p>E n\u00e3o \u00e9 s\u00f3 na C\u00e2mara que Lula coleciona brigas. No Senado, Davi Alcolumbre ficou atravessado com a escolha do advogado-geral da Uni\u00e3o, Jorge Messias, para o STF. O senador queria emplacar seu aliado Rodrigo Pacheco.<\/p>\n\n\n\n<p>Resultado: Alcolumbre silenciou o governo e decidiu pautar, no mesmo dia, um projeto que contraria diretamente os interesses do Planalto \u2014 a regulamenta\u00e7\u00e3o da aposentadoria especial para agentes comunit\u00e1rios de sa\u00fade e de endemias.<\/p>\n\n\n\n<p><\/p>\n","protected":false},"excerpt":{"rendered":"<p>O presidente da C\u00e2mara, Hugo Motta, rompeu de vez com o l\u00edder do PT, Lindbergh Farias. O estopim foi a sequ\u00eancia de ataques p\u00fablicos de Lindbergh contra Motta por causa do PL Antifac\u00e7\u00e3o, projeto que o governo Lula queria controlar de perto \u2014 mas acabou escorregando das m\u00e3os do Planalto, conforme o Metr\u00f3poles. Segundo aliados&#8230;<\/p>\n","protected":false},"author":1,"featured_media":5498,"comment_status":"open","ping_status":"closed","sticky":false,"template":"","format":"standard","meta":{"footnotes":""},"categories":[6],"tags":[],"class_list":["post-5497","post","type-post","status-publish","format-standard","has-post-thumbnail","hentry","category-politica"],"_links":{"self":[{"href":"https:\/\/cafecommessias.com.br\/index.php?rest_route=\/wp\/v2\/posts\/5497","targetHints":{"allow":["GET"]}}],"collection":[{"href":"https:\/\/cafecommessias.com.br\/index.php?rest_route=\/wp\/v2\/posts"}],"about":[{"href":"https:\/\/cafecommessias.com.br\/index.php?rest_route=\/wp\/v2\/types\/post"}],"author":[{"embeddable":true,"href":"https:\/\/cafecommessias.com.br\/index.php?rest_route=\/wp\/v2\/users\/1"}],"replies":[{"embeddable":true,"href":"https:\/\/cafecommessias.com.br\/index.php?rest_route=%2Fwp%2Fv2%2Fcomments&post=5497"}],"version-history":[{"count":1,"href":"https:\/\/cafecommessias.com.br\/index.php?rest_route=\/wp\/v2\/posts\/5497\/revisions"}],"predecessor-version":[{"id":5499,"href":"https:\/\/cafecommessias.com.br\/index.php?rest_route=\/wp\/v2\/posts\/5497\/revisions\/5499"}],"wp:featuredmedia":[{"embeddable":true,"href":"https:\/\/cafecommessias.com.br\/index.php?rest_route=\/wp\/v2\/media\/5498"}],"wp:attachment":[{"href":"https:\/\/cafecommessias.com.br\/index.php?rest_route=%2Fwp%2Fv2%2Fmedia&parent=5497"}],"wp:term":[{"taxonomy":"category","embeddable":true,"href":"https:\/\/cafecommessias.com.br\/index.php?rest_route=%2Fwp%2Fv2%2Fcategories&post=5497"},{"taxonomy":"post_tag","embeddable":true,"href":"https:\/\/cafecommessias.com.br\/index.php?rest_route=%2Fwp%2Fv2%2Ftags&post=5497"}],"curies":[{"name":"wp","href":"https:\/\/api.w.org\/{rel}","templated":true}]}}