{"id":5506,"date":"2025-11-24T17:40:51","date_gmt":"2025-11-24T20:40:51","guid":{"rendered":"https:\/\/cafecommessias.com.br\/?p=5506"},"modified":"2025-11-24T17:41:04","modified_gmt":"2025-11-24T20:41:04","slug":"acao-conjunta-do-ministerio-publico-e-parceiros-combate-fraudes-em-postos-de-combustiveis","status":"publish","type":"post","link":"https:\/\/cafecommessias.com.br\/?p=5506","title":{"rendered":"A\u00e7\u00e3o conjunta do Minist\u00e9rio P\u00fablico e parceiros combate fraudes em postos de combust\u00edveis"},"content":{"rendered":"\n<p>O Minist\u00e9rio P\u00fablico do Rio Grande do Norte (MPRN), pelo Gaeco, a Secretaria Estadual de Fazenda (Sefaz), a Ag\u00eancia Nacional do Petr\u00f3leo (ANP) e a Secretaria Estadual de Seguran\u00e7a P\u00fablica e Defesa Social (Sesed), pelas Pol\u00edcias Militar e Civil, deflagraram nesta segunda-feira (24) a opera\u00e7\u00e3o Integra\u00e7\u00e3o.<\/p>\n\n\n\n<p>A a\u00e7\u00e3o conjunta visa a fiscalizar e prevenir fraudes tribut\u00e1rias, contra o consumidor e financeiras.<\/p>\n\n\n\n<p>Essa \u00e9 a primeira a\u00e7\u00e3o integrada do Grupo de Atua\u00e7\u00e3o Especial de Combate \u00e0 Sonega\u00e7\u00e3o Fiscal e aos Crimes Contra a Ordem Tribut\u00e1ria e Econ\u00f4mica (Gaesf), que foi criado em 1\u00ba de agosto passado.<\/p>\n\n\n\n<p>A a\u00e7\u00e3o desta segunda-feira contou com promotores de Justi\u00e7a e servidores do MPRN, auditores fiscais, fiscais da ANP e Policiais Militares e Civis.<\/p>\n\n\n\n<p><strong>Gaesf<\/strong><br>O Grupo de Atua\u00e7\u00e3o Especial de Combate \u00e0 Sonega\u00e7\u00e3o Fiscal e aos Crimes Contra a Ordem Tribut\u00e1ria e Econ\u00f4mica (Gaesf) \u00e9 uma unidade especializada que atua no combate a crimes de natureza fiscal e econ\u00f4mica. Ele funciona reunindo a expertise de diferentes \u00f3rg\u00e3os e institui\u00e7\u00f5es, como o MPRN, representado pelo Gaeco, para prevenir e fiscalizar fraudes fiscais e outros il\u00edcitos contra a ordem tribut\u00e1ria.<\/p>\n\n\n\n<p><em><sub>Fonte:\u00a0MPRN<\/sub><\/em><\/p>\n","protected":false},"excerpt":{"rendered":"<p>O Minist\u00e9rio P\u00fablico do Rio Grande do Norte (MPRN), pelo Gaeco, a Secretaria Estadual de Fazenda (Sefaz), a Ag\u00eancia Nacional do Petr\u00f3leo (ANP) e a Secretaria Estadual de Seguran\u00e7a P\u00fablica e Defesa Social (Sesed), pelas Pol\u00edcias Militar e Civil, deflagraram nesta segunda-feira (24) a opera\u00e7\u00e3o Integra\u00e7\u00e3o. A a\u00e7\u00e3o conjunta visa a fiscalizar e prevenir fraudes&#8230;<\/p>\n","protected":false},"author":1,"featured_media":5507,"comment_status":"open","ping_status":"closed","sticky":false,"template":"","format":"standard","meta":{"footnotes":""},"categories":[23],"tags":[],"class_list":["post-5506","post","type-post","status-publish","format-standard","has-post-thumbnail","hentry","category-crime"],"_links":{"self":[{"href":"https:\/\/cafecommessias.com.br\/index.php?rest_route=\/wp\/v2\/posts\/5506","targetHints":{"allow":["GET"]}}],"collection":[{"href":"https:\/\/cafecommessias.com.br\/index.php?rest_route=\/wp\/v2\/posts"}],"about":[{"href":"https:\/\/cafecommessias.com.br\/index.php?rest_route=\/wp\/v2\/types\/post"}],"author":[{"embeddable":true,"href":"https:\/\/cafecommessias.com.br\/index.php?rest_route=\/wp\/v2\/users\/1"}],"replies":[{"embeddable":true,"href":"https:\/\/cafecommessias.com.br\/index.php?rest_route=%2Fwp%2Fv2%2Fcomments&post=5506"}],"version-history":[{"count":1,"href":"https:\/\/cafecommessias.com.br\/index.php?rest_route=\/wp\/v2\/posts\/5506\/revisions"}],"predecessor-version":[{"id":5508,"href":"https:\/\/cafecommessias.com.br\/index.php?rest_route=\/wp\/v2\/posts\/5506\/revisions\/5508"}],"wp:featuredmedia":[{"embeddable":true,"href":"https:\/\/cafecommessias.com.br\/index.php?rest_route=\/wp\/v2\/media\/5507"}],"wp:attachment":[{"href":"https:\/\/cafecommessias.com.br\/index.php?rest_route=%2Fwp%2Fv2%2Fmedia&parent=5506"}],"wp:term":[{"taxonomy":"category","embeddable":true,"href":"https:\/\/cafecommessias.com.br\/index.php?rest_route=%2Fwp%2Fv2%2Fcategories&post=5506"},{"taxonomy":"post_tag","embeddable":true,"href":"https:\/\/cafecommessias.com.br\/index.php?rest_route=%2Fwp%2Fv2%2Ftags&post=5506"}],"curies":[{"name":"wp","href":"https:\/\/api.w.org\/{rel}","templated":true}]}}