{"id":5509,"date":"2025-11-24T17:43:02","date_gmt":"2025-11-24T20:43:02","guid":{"rendered":"https:\/\/cafecommessias.com.br\/?p=5509"},"modified":"2025-11-24T17:43:18","modified_gmt":"2025-11-24T20:43:18","slug":"venezuela-diz-que-eua-classificar-maduro-como-terrorista-e-invencao-ridicula-de-marco-rubio","status":"publish","type":"post","link":"https:\/\/cafecommessias.com.br\/?p=5509","title":{"rendered":"Venezuela diz que EUA classificar Maduro como terrorista \u00e9 \u2018inven\u00e7\u00e3o rid\u00edcula\u2019 de Marco Rubio"},"content":{"rendered":"\n<p>Depois que come\u00e7ou a valer a designa\u00e7\u00e3o de que o presidente da Venezuela, Nicol\u00e1s Maduro, \u00e9 considerado terrorista pelo governo dos Estados Unidos a partir desta segunda-feira (24\/11), o governo venezuelano chamou a \u201cinven\u00e7\u00e3o\u201d do secret\u00e1rio de Estado americano Marco Rubio de \u201cr\u00eddicula\u201d.<\/p>\n\n\n\n<p>Em nota oficial, divulgada em sua conta no Telegram, o Ministro das Rela\u00e7\u00f5es Exteriores da Venezuela, Yvan Gil, afirmou: \u201cA Rep\u00fablica Bolivariana da Venezuela rejeita categ\u00f3rica, firme e absolutamente a mais recente e rid\u00edcula inven\u00e7\u00e3o do Secret\u00e1rio de Estado dos Estados Unidos, Marco Rubio, que designa o inexistente Cartel de Los Soles como organiza\u00e7\u00e3o terrorista, repetindo assim uma mentira infame e vil para justificar uma interven\u00e7\u00e3o ileg\u00edtima e ilegal contra a Venezuela, sob o cl\u00e1ssico modelo estadunidense de mudan\u00e7a de regime. Esta nova manobra ter\u00e1 o mesmo destino das agress\u00f5es anteriores e recorrentes contra o nosso pa\u00eds: o fracasso\u201d.<\/p>\n\n\n\n<p>Segundo o governo dos Estados Unidos, o Cartel de los Soles \u00e9 liderado por Nicol\u00e1s Maduro e outros indiv\u00edduos de alto escal\u00e3o do regime ileg\u00edtimo de Maduro, que \u201ccorromperam as for\u00e7as armadas, a intelig\u00eancia, o legislativo e o judici\u00e1rio da Venezuela.<\/p>\n\n\n\n<p>Para os EUA, nem Maduro nem seus aliados representam o governo leg\u00edtimo da Venezuela. O Cartel de los Soles, juntamente com outras FTOs designadas, incluindo o Tren de Aragua e o Cartel de Sinaloa, seria respons\u00e1vel por atos de viol\u00eancia terrorista em todo o hemisf\u00e9rio, bem como pelo tr\u00e1fico de drogas para os Estados Unidos e a Europa\u201d.<\/p>\n\n\n\n<p>O governo da Venezuela alega que o Cartel de Los Soles sequer existe.<\/p>\n\n\n\n<p><em><sub>Por Metr\u00f3ples<\/sub><\/em><\/p>\n\n\n\n<p><\/p>\n","protected":false},"excerpt":{"rendered":"<p>Depois que come\u00e7ou a valer a designa\u00e7\u00e3o de que o presidente da Venezuela, Nicol\u00e1s Maduro, \u00e9 considerado terrorista pelo governo dos Estados Unidos a partir desta segunda-feira (24\/11), o governo venezuelano chamou a \u201cinven\u00e7\u00e3o\u201d do secret\u00e1rio de Estado americano Marco Rubio de \u201cr\u00eddicula\u201d. Em nota oficial, divulgada em sua conta no Telegram, o Ministro das&#8230;<\/p>\n","protected":false},"author":1,"featured_media":5510,"comment_status":"open","ping_status":"closed","sticky":false,"template":"","format":"standard","meta":{"footnotes":""},"categories":[2],"tags":[],"class_list":["post-5509","post","type-post","status-publish","format-standard","has-post-thumbnail","hentry","category-internacional"],"_links":{"self":[{"href":"https:\/\/cafecommessias.com.br\/index.php?rest_route=\/wp\/v2\/posts\/5509","targetHints":{"allow":["GET"]}}],"collection":[{"href":"https:\/\/cafecommessias.com.br\/index.php?rest_route=\/wp\/v2\/posts"}],"about":[{"href":"https:\/\/cafecommessias.com.br\/index.php?rest_route=\/wp\/v2\/types\/post"}],"author":[{"embeddable":true,"href":"https:\/\/cafecommessias.com.br\/index.php?rest_route=\/wp\/v2\/users\/1"}],"replies":[{"embeddable":true,"href":"https:\/\/cafecommessias.com.br\/index.php?rest_route=%2Fwp%2Fv2%2Fcomments&post=5509"}],"version-history":[{"count":1,"href":"https:\/\/cafecommessias.com.br\/index.php?rest_route=\/wp\/v2\/posts\/5509\/revisions"}],"predecessor-version":[{"id":5511,"href":"https:\/\/cafecommessias.com.br\/index.php?rest_route=\/wp\/v2\/posts\/5509\/revisions\/5511"}],"wp:featuredmedia":[{"embeddable":true,"href":"https:\/\/cafecommessias.com.br\/index.php?rest_route=\/wp\/v2\/media\/5510"}],"wp:attachment":[{"href":"https:\/\/cafecommessias.com.br\/index.php?rest_route=%2Fwp%2Fv2%2Fmedia&parent=5509"}],"wp:term":[{"taxonomy":"category","embeddable":true,"href":"https:\/\/cafecommessias.com.br\/index.php?rest_route=%2Fwp%2Fv2%2Fcategories&post=5509"},{"taxonomy":"post_tag","embeddable":true,"href":"https:\/\/cafecommessias.com.br\/index.php?rest_route=%2Fwp%2Fv2%2Ftags&post=5509"}],"curies":[{"name":"wp","href":"https:\/\/api.w.org\/{rel}","templated":true}]}}