{"id":5512,"date":"2025-11-24T17:45:09","date_gmt":"2025-11-24T20:45:09","guid":{"rendered":"https:\/\/cafecommessias.com.br\/?p=5512"},"modified":"2025-11-24T17:45:27","modified_gmt":"2025-11-24T20:45:27","slug":"tornozeleira-de-bolsonaro-o-que-a-pericia-da-pf-ja-descobriu","status":"publish","type":"post","link":"https:\/\/cafecommessias.com.br\/?p=5512","title":{"rendered":"Tornozeleira de Bolsonaro: o que a per\u00edcia da PF j\u00e1 descobriu"},"content":{"rendered":"\n<p>A per\u00edcia realizada na tornozeleira eletr\u00f4nica que era usada pelo ex-presidente Jair Bolsonaro (PL) foi finalizada nesta segunda-feira (24\/11) e confirmou que o dispositivo apresentava vest\u00edgios de tentativa de rompimento.<\/p>\n\n\n\n<p>A coluna da jornalista Mirelle Pinheiro, do Metr\u00f3poles, apurou que o laudo pericial da Pol\u00edcia Federal aponta que a tornozeleira apresenta \u201cdanos significativos\u201d e sinais claros de tentativa de viola\u00e7\u00e3o. O documento, elaborado por peritos do Instituto Nacional de Criminal\u00edstica da Pol\u00edcia Federal (PF), indica que o dispositivo foi submetido a fonte de calor concentrado.<\/p>\n\n\n\n<p>Bolsonaro foi levado para a Superintend\u00eancia da Pol\u00edcia Federal (PF), na manh\u00e3 de s\u00e1bado (22\/11), ap\u00f3s assumir que danificou o aparelho usando \u201cum ferro quente\u201d. O resultado da per\u00edcia corrobora com a vers\u00e3o dada pelo ex-presidente.<\/p>\n\n\n\n<p><strong>A per\u00edcia<\/strong><\/p>\n\n\n\n<p>Os peritos constataram que a \u00e1rea danificada exibe caracter\u00edsticas compat\u00edveis com a a\u00e7\u00e3o direta de um objeto met\u00e1lico aquecido.<\/p>\n\n\n\n<p>O Instituto Nacional de Criminal\u00edstica da PF, onde o dispositivo foi periciado, \u00e9 considerado refer\u00eancia na Am\u00e9rica Latina.<\/p>\n\n\n\n<p>A avalia\u00e7\u00e3o foi conduzida por peritos da \u00e1rea de microvest\u00edgios e eletr\u00f4nica, que avaliam se houve viola\u00e7\u00e3o ou tentativa de romper o dispositivo, al\u00e9m de identificar poss\u00edveis ferramentas utilizadas e verificar qualquer dano, altera\u00e7\u00e3o ou interfer\u00eancia no funcionamento do equipamento.<\/p>\n\n\n\n<p><strong><em><sub>Com informa\u00e7\u00f5es da coluna de Mirelle Pinheiro \u2013 Metr\u00f3poles<\/sub><\/em><\/strong><\/p>\n\n\n\n<p><a href=\"https:\/\/www.blogdobg.com.br\/tornozeleira-de-bolsonaro-o-que-a-pericia-da-pf-ja-descobriu\/#comentarios\"><\/a><\/p>\n\n\n\n<p><a href=\"tg:\/\/msg?text=https%3A%2F%2Fwww.blogdobg.com.br%2Ftornozeleira-de-bolsonaro-o-que-a-pericia-da-pf-ja-descobriu%2F%20Tornozeleira%20de%20Bolsonaro%3A%20o%20que%20a%20per%C3%ADcia%20da%20PF%20j%C3%A1%20descobriu\"><\/a><\/p>\n\n\n\n<p><a href=\"whatsapp:\/\/send?text=https%3A%2F%2Fwww.blogdobg.com.br%2Ftornozeleira-de-bolsonaro-o-que-a-pericia-da-pf-ja-descobriu%2F%20Tornozeleira%20de%20Bolsonaro%3A%20o%20que%20a%20per%C3%ADcia%20da%20PF%20j%C3%A1%20descobriu\"><\/a><\/p>\n\n\n\n<p><a target=\"_blank\" href=\"https:\/\/facebook.com\/sharer\/sharer.php?u=https%3A%2F%2Fwww.blogdobg.com.br%2Ftornozeleira-de-bolsonaro-o-que-a-pericia-da-pf-ja-descobriu%2F\" rel=\"noreferrer noopener\"><\/a><\/p>\n","protected":false},"excerpt":{"rendered":"<p>A per\u00edcia realizada na tornozeleira eletr\u00f4nica que era usada pelo ex-presidente Jair Bolsonaro (PL) foi finalizada nesta segunda-feira (24\/11) e confirmou que o dispositivo apresentava vest\u00edgios de tentativa de rompimento. A coluna da jornalista Mirelle Pinheiro, do Metr\u00f3poles, apurou que o laudo pericial da Pol\u00edcia Federal aponta que a tornozeleira apresenta \u201cdanos significativos\u201d e sinais&#8230;<\/p>\n","protected":false},"author":1,"featured_media":5513,"comment_status":"open","ping_status":"closed","sticky":false,"template":"","format":"standard","meta":{"footnotes":""},"categories":[3],"tags":[],"class_list":["post-5512","post","type-post","status-publish","format-standard","has-post-thumbnail","hentry","category-geral"],"_links":{"self":[{"href":"https:\/\/cafecommessias.com.br\/index.php?rest_route=\/wp\/v2\/posts\/5512","targetHints":{"allow":["GET"]}}],"collection":[{"href":"https:\/\/cafecommessias.com.br\/index.php?rest_route=\/wp\/v2\/posts"}],"about":[{"href":"https:\/\/cafecommessias.com.br\/index.php?rest_route=\/wp\/v2\/types\/post"}],"author":[{"embeddable":true,"href":"https:\/\/cafecommessias.com.br\/index.php?rest_route=\/wp\/v2\/users\/1"}],"replies":[{"embeddable":true,"href":"https:\/\/cafecommessias.com.br\/index.php?rest_route=%2Fwp%2Fv2%2Fcomments&post=5512"}],"version-history":[{"count":1,"href":"https:\/\/cafecommessias.com.br\/index.php?rest_route=\/wp\/v2\/posts\/5512\/revisions"}],"predecessor-version":[{"id":5514,"href":"https:\/\/cafecommessias.com.br\/index.php?rest_route=\/wp\/v2\/posts\/5512\/revisions\/5514"}],"wp:featuredmedia":[{"embeddable":true,"href":"https:\/\/cafecommessias.com.br\/index.php?rest_route=\/wp\/v2\/media\/5513"}],"wp:attachment":[{"href":"https:\/\/cafecommessias.com.br\/index.php?rest_route=%2Fwp%2Fv2%2Fmedia&parent=5512"}],"wp:term":[{"taxonomy":"category","embeddable":true,"href":"https:\/\/cafecommessias.com.br\/index.php?rest_route=%2Fwp%2Fv2%2Fcategories&post=5512"},{"taxonomy":"post_tag","embeddable":true,"href":"https:\/\/cafecommessias.com.br\/index.php?rest_route=%2Fwp%2Fv2%2Ftags&post=5512"}],"curies":[{"name":"wp","href":"https:\/\/api.w.org\/{rel}","templated":true}]}}